{"id":139311,"date":"2025-04-15T22:03:50","date_gmt":"2025-04-16T01:03:50","guid":{"rendered":"https:\/\/eldiariodesanpedro.com.ar\/sitio\/?p=139311"},"modified":"2025-04-15T22:03:54","modified_gmt":"2025-04-16T01:03:54","slug":"el-intendente-cecilio-salazar-recibio-a-la-ministra-estela-diaz-en-una-jornada-de-trabajo-con-eje-en-las-politicas-de-genero","status":"publish","type":"post","link":"https:\/\/eldiariodesanpedro.com.ar\/sitio\/el-intendente-cecilio-salazar-recibio-a-la-ministra-estela-diaz-en-una-jornada-de-trabajo-con-eje-en-las-politicas-de-genero\/","title":{"rendered":"El intendente Cecilio Salazar recibi\u00f3 a la ministra Estela D\u00edaz en una jornada de trabajo con eje en las pol\u00edticas de g\u00e9nero"},"content":{"rendered":"<!-- VideographyWP Plugin Message: Automatic video embedding prevented by plugin options. -->\n\n<p>Este lunes, el intendente Cecilio Salazar recibi\u00f3 a la ministra de Mujeres y Diversidad de la Provincia de Buenos Aires, Estela D\u00edaz, en una jornada de trabajo centrada en el fortalecimiento de pol\u00edticas locales con perspectiva de g\u00e9nero.<\/p>\n\n\n\n<p>Durante la visita se firm\u00f3 la cesi\u00f3n de uso por 20 a\u00f1os del Espacio de Cuidados \u201cLa Colmenita\u201d, gestionado por mujeres del barrio, y se concret\u00f3 la adhesi\u00f3n del Municipio al programa provincial \u201cComunidades Sin Violencias\u201d.<\/p>\n\n\n\n<p>Adem\u00e1s, en la localidad de La Tosquera se present\u00f3 el proyecto de fortalecimiento del taller textil Piel de R\u00edo, que ser\u00e1 reubicado y ampliado con nuevo equipamiento provisto por el Ministerio, en el marco del programa \u201cOrganizadas y en Red\u201d.<\/p>\n\n\n\n<p>Acompa\u00f1aron la jornada autoridades provinciales, municipales y organizaciones barriales, reafirmando el compromiso colectivo con una comunidad m\u00e1s justa, con igualdad de oportunidades y redes de cuidado sostenidas por mujeres.<\/p>\n\n\n\n<div class=\"wp-block-jetpack-slideshow aligncenter\" data-effect=\"slide\"><div class=\"wp-block-jetpack-slideshow_container swiper-container\"><ul class=\"wp-block-jetpack-slideshow_swiper-wrapper swiper-wrapper\"><li class=\"wp-block-jetpack-slideshow_slide swiper-slide\"><figure><img decoding=\"async\" width=\"946\" height=\"630\" alt=\"\" class=\"wp-block-jetpack-slideshow_image wp-image-139316 lazyload\" data-id=\"139316\" data-src=\"https:\/\/eldiariodesanpedro.com.ar\/sitio\/wp-content\/uploads\/2025\/04\/Imagen-de-WhatsApp-2025-04-15-a-las-20.10.14_753d7e1e.jpg\" data-srcset=\"https:\/\/eldiariodesanpedro.com.ar\/sitio\/wp-content\/uploads\/2025\/04\/Imagen-de-WhatsApp-2025-04-15-a-las-20.10.14_753d7e1e.jpg 946w, https:\/\/eldiariodesanpedro.com.ar\/sitio\/wp-content\/uploads\/2025\/04\/Imagen-de-WhatsApp-2025-04-15-a-las-20.10.14_753d7e1e-300x200.jpg 300w, https:\/\/eldiariodesanpedro.com.ar\/sitio\/wp-content\/uploads\/2025\/04\/Imagen-de-WhatsApp-2025-04-15-a-las-20.10.14_753d7e1e-768x511.jpg 768w\" data-sizes=\"(max-width: 946px) 100vw, 946px\" src=\"data:image\/svg+xml;base64,PHN2ZyB3aWR0aD0iMSIgaGVpZ2h0PSIxIiB4bWxucz0iaHR0cDovL3d3dy53My5vcmcvMjAwMC9zdmciPjwvc3ZnPg==\" style=\"--smush-placeholder-width: 946px; --smush-placeholder-aspect-ratio: 946\/630;\" \/><\/figure><\/li><li class=\"wp-block-jetpack-slideshow_slide swiper-slide\"><figure><img decoding=\"async\" width=\"946\" height=\"630\" alt=\"\" class=\"wp-block-jetpack-slideshow_image wp-image-139315 lazyload\" data-id=\"139315\" data-src=\"https:\/\/eldiariodesanpedro.com.ar\/sitio\/wp-content\/uploads\/2025\/04\/Imagen-de-WhatsApp-2025-04-15-a-las-20.10.14_17ba97fa.jpg\" data-srcset=\"https:\/\/eldiariodesanpedro.com.ar\/sitio\/wp-content\/uploads\/2025\/04\/Imagen-de-WhatsApp-2025-04-15-a-las-20.10.14_17ba97fa.jpg 946w, https:\/\/eldiariodesanpedro.com.ar\/sitio\/wp-content\/uploads\/2025\/04\/Imagen-de-WhatsApp-2025-04-15-a-las-20.10.14_17ba97fa-300x200.jpg 300w, https:\/\/eldiariodesanpedro.com.ar\/sitio\/wp-content\/uploads\/2025\/04\/Imagen-de-WhatsApp-2025-04-15-a-las-20.10.14_17ba97fa-768x511.jpg 768w\" data-sizes=\"(max-width: 946px) 100vw, 946px\" src=\"data:image\/svg+xml;base64,PHN2ZyB3aWR0aD0iMSIgaGVpZ2h0PSIxIiB4bWxucz0iaHR0cDovL3d3dy53My5vcmcvMjAwMC9zdmciPjwvc3ZnPg==\" style=\"--smush-placeholder-width: 946px; --smush-placeholder-aspect-ratio: 946\/630;\" \/><\/figure><\/li><li class=\"wp-block-jetpack-slideshow_slide swiper-slide\"><figure><img decoding=\"async\" width=\"946\" height=\"630\" alt=\"\" class=\"wp-block-jetpack-slideshow_image wp-image-139314 lazyload\" data-id=\"139314\" data-src=\"https:\/\/eldiariodesanpedro.com.ar\/sitio\/wp-content\/uploads\/2025\/04\/Imagen-de-WhatsApp-2025-04-15-a-las-20.10.13_b5fd22b4.jpg\" data-srcset=\"https:\/\/eldiariodesanpedro.com.ar\/sitio\/wp-content\/uploads\/2025\/04\/Imagen-de-WhatsApp-2025-04-15-a-las-20.10.13_b5fd22b4.jpg 946w, https:\/\/eldiariodesanpedro.com.ar\/sitio\/wp-content\/uploads\/2025\/04\/Imagen-de-WhatsApp-2025-04-15-a-las-20.10.13_b5fd22b4-300x200.jpg 300w, https:\/\/eldiariodesanpedro.com.ar\/sitio\/wp-content\/uploads\/2025\/04\/Imagen-de-WhatsApp-2025-04-15-a-las-20.10.13_b5fd22b4-768x511.jpg 768w\" data-sizes=\"(max-width: 946px) 100vw, 946px\" src=\"data:image\/svg+xml;base64,PHN2ZyB3aWR0aD0iMSIgaGVpZ2h0PSIxIiB4bWxucz0iaHR0cDovL3d3dy53My5vcmcvMjAwMC9zdmciPjwvc3ZnPg==\" style=\"--smush-placeholder-width: 946px; --smush-placeholder-aspect-ratio: 946\/630;\" \/><\/figure><\/li><li class=\"wp-block-jetpack-slideshow_slide swiper-slide\"><figure><img decoding=\"async\" width=\"946\" height=\"630\" alt=\"\" class=\"wp-block-jetpack-slideshow_image wp-image-139313 lazyload\" data-id=\"139313\" data-src=\"https:\/\/eldiariodesanpedro.com.ar\/sitio\/wp-content\/uploads\/2025\/04\/Imagen-de-WhatsApp-2025-04-15-a-las-20.10.13_b2a92d88.jpg\" data-srcset=\"https:\/\/eldiariodesanpedro.com.ar\/sitio\/wp-content\/uploads\/2025\/04\/Imagen-de-WhatsApp-2025-04-15-a-las-20.10.13_b2a92d88.jpg 946w, https:\/\/eldiariodesanpedro.com.ar\/sitio\/wp-content\/uploads\/2025\/04\/Imagen-de-WhatsApp-2025-04-15-a-las-20.10.13_b2a92d88-300x200.jpg 300w, https:\/\/eldiariodesanpedro.com.ar\/sitio\/wp-content\/uploads\/2025\/04\/Imagen-de-WhatsApp-2025-04-15-a-las-20.10.13_b2a92d88-768x511.jpg 768w\" data-sizes=\"(max-width: 946px) 100vw, 946px\" src=\"data:image\/svg+xml;base64,PHN2ZyB3aWR0aD0iMSIgaGVpZ2h0PSIxIiB4bWxucz0iaHR0cDovL3d3dy53My5vcmcvMjAwMC9zdmciPjwvc3ZnPg==\" style=\"--smush-placeholder-width: 946px; --smush-placeholder-aspect-ratio: 946\/630;\" \/><\/figure><\/li><li class=\"wp-block-jetpack-slideshow_slide swiper-slide\"><figure><img decoding=\"async\" width=\"946\" height=\"630\" alt=\"\" class=\"wp-block-jetpack-slideshow_image wp-image-139312 lazyload\" data-id=\"139312\" data-src=\"https:\/\/eldiariodesanpedro.com.ar\/sitio\/wp-content\/uploads\/2025\/04\/Imagen-de-WhatsApp-2025-04-15-a-las-20.10.13_1e2268e1.jpg\" data-srcset=\"https:\/\/eldiariodesanpedro.com.ar\/sitio\/wp-content\/uploads\/2025\/04\/Imagen-de-WhatsApp-2025-04-15-a-las-20.10.13_1e2268e1.jpg 946w, https:\/\/eldiariodesanpedro.com.ar\/sitio\/wp-content\/uploads\/2025\/04\/Imagen-de-WhatsApp-2025-04-15-a-las-20.10.13_1e2268e1-300x200.jpg 300w, https:\/\/eldiariodesanpedro.com.ar\/sitio\/wp-content\/uploads\/2025\/04\/Imagen-de-WhatsApp-2025-04-15-a-las-20.10.13_1e2268e1-768x511.jpg 768w\" data-sizes=\"(max-width: 946px) 100vw, 946px\" src=\"data:image\/svg+xml;base64,PHN2ZyB3aWR0aD0iMSIgaGVpZ2h0PSIxIiB4bWxucz0iaHR0cDovL3d3dy53My5vcmcvMjAwMC9zdmciPjwvc3ZnPg==\" style=\"--smush-placeholder-width: 946px; --smush-placeholder-aspect-ratio: 946\/630;\" \/><\/figure><\/li><\/ul><a class=\"wp-block-jetpack-slideshow_button-prev swiper-button-prev swiper-button-white\" role=\"button\"><\/a><a class=\"wp-block-jetpack-slideshow_button-next swiper-button-next swiper-button-white\" role=\"button\"><\/a><a aria-label=\"Pause Slideshow\" class=\"wp-block-jetpack-slideshow_button-pause\" role=\"button\"><\/a><div class=\"wp-block-jetpack-slideshow_pagination swiper-pagination swiper-pagination-white\"><\/div><\/div><\/div>\n","protected":false},"excerpt":{"rendered":"<p>Este lunes, el intendente Cecilio Salazar recibi\u00f3 a la ministra de Mujeres y Diversidad de la Provincia de Buenos Aires, Estela D\u00edaz, en una jornada de trabajo centrada en el fortalecimiento de pol\u00edticas locales con perspectiva de g\u00e9nero. Durante la visita se firm\u00f3 la cesi\u00f3n de uso por 20 a\u00f1os del Espacio de Cuidados \u201cLa [&hellip;]<\/p>\n","protected":false},"author":4,"featured_media":139313,"comment_status":"closed","ping_status":"closed","sticky":false,"template":"","format":"standard","meta":{"om_disable_all_campaigns":false,"_jetpack_memberships_contains_paid_content":false,"footnotes":""},"categories":[50,101,2],"tags":[],"class_list":["post-139311","post","type-post","status-publish","format-standard","has-post-thumbnail","hentry","category-destacadas","category-interes-general-locales","category-locales"],"aioseo_notices":[],"gutentor_comment":0,"jetpack_featured_media_url":"https:\/\/eldiariodesanpedro.com.ar\/sitio\/wp-content\/uploads\/2025\/04\/Imagen-de-WhatsApp-2025-04-15-a-las-20.10.13_b2a92d88.jpg","jetpack_shortlink":"https:\/\/wp.me\/p6RhLt-AeX","jetpack_sharing_enabled":true,"_links":{"self":[{"href":"https:\/\/eldiariodesanpedro.com.ar\/sitio\/wp-json\/wp\/v2\/posts\/139311","targetHints":{"allow":["GET"]}}],"collection":[{"href":"https:\/\/eldiariodesanpedro.com.ar\/sitio\/wp-json\/wp\/v2\/posts"}],"about":[{"href":"https:\/\/eldiariodesanpedro.com.ar\/sitio\/wp-json\/wp\/v2\/types\/post"}],"author":[{"embeddable":true,"href":"https:\/\/eldiariodesanpedro.com.ar\/sitio\/wp-json\/wp\/v2\/users\/4"}],"replies":[{"embeddable":true,"href":"https:\/\/eldiariodesanpedro.com.ar\/sitio\/wp-json\/wp\/v2\/comments?post=139311"}],"version-history":[{"count":1,"href":"https:\/\/eldiariodesanpedro.com.ar\/sitio\/wp-json\/wp\/v2\/posts\/139311\/revisions"}],"predecessor-version":[{"id":139317,"href":"https:\/\/eldiariodesanpedro.com.ar\/sitio\/wp-json\/wp\/v2\/posts\/139311\/revisions\/139317"}],"wp:featuredmedia":[{"embeddable":true,"href":"https:\/\/eldiariodesanpedro.com.ar\/sitio\/wp-json\/wp\/v2\/media\/139313"}],"wp:attachment":[{"href":"https:\/\/eldiariodesanpedro.com.ar\/sitio\/wp-json\/wp\/v2\/media?parent=139311"}],"wp:term":[{"taxonomy":"category","embeddable":true,"href":"https:\/\/eldiariodesanpedro.com.ar\/sitio\/wp-json\/wp\/v2\/categories?post=139311"},{"taxonomy":"post_tag","embeddable":true,"href":"https:\/\/eldiariodesanpedro.com.ar\/sitio\/wp-json\/wp\/v2\/tags?post=139311"}],"curies":[{"name":"wp","href":"https:\/\/api.w.org\/{rel}","templated":true}]}}