{"id":139295,"date":"2025-04-15T14:54:48","date_gmt":"2025-04-15T17:54:48","guid":{"rendered":"https:\/\/eldiariodesanpedro.com.ar\/sitio\/?p=139295"},"modified":"2025-04-15T14:54:55","modified_gmt":"2025-04-15T17:54:55","slug":"abordaje-territorial-de-la-secretaria-de-salud-en-el-barrio-los-aromitos","status":"publish","type":"post","link":"https:\/\/eldiariodesanpedro.com.ar\/sitio\/abordaje-territorial-de-la-secretaria-de-salud-en-el-barrio-los-aromitos\/","title":{"rendered":"Abordaje territorial de la Secretar\u00eda de Salud en el barrio Los Aromitos"},"content":{"rendered":"<!-- VideographyWP Plugin Message: Automatic video embedding prevented by plugin options. -->\n\n<p>La Secretar\u00eda de Salud de la Municipalidad de San Pedro realiz\u00f3 un nuevo abordaje territorial, esta vez en el barrio Los Aromitos, junto al equipo de salud comunitaria.<\/p>\n\n\n\n<p>Durante la jornada se completaron esquemas de vacunaci\u00f3n, se brind\u00f3 informaci\u00f3n preventiva sobre el dengue y se llevaron a cabo controles de glucemia y presi\u00f3n arterial.<\/p>\n","protected":false},"excerpt":{"rendered":"<p>La Secretar\u00eda de Salud de la Municipalidad de San Pedro realiz\u00f3 un nuevo abordaje territorial, esta vez en el barrio Los Aromitos, junto al equipo de salud comunitaria. Durante la jornada se completaron esquemas de vacunaci\u00f3n, se brind\u00f3 informaci\u00f3n preventiva sobre el dengue y se llevaron a cabo controles de glucemia y presi\u00f3n arterial.<\/p>\n","protected":false},"author":4,"featured_media":139296,"comment_status":"closed","ping_status":"closed","sticky":false,"template":"","format":"standard","meta":{"om_disable_all_campaigns":false,"_jetpack_memberships_contains_paid_content":false,"footnotes":""},"categories":[101,2],"tags":[],"class_list":["post-139295","post","type-post","status-publish","format-standard","has-post-thumbnail","hentry","category-interes-general-locales","category-locales"],"aioseo_notices":[],"gutentor_comment":0,"jetpack_featured_media_url":"https:\/\/eldiariodesanpedro.com.ar\/sitio\/wp-content\/uploads\/2025\/04\/medida-1-62.jpg","jetpack_shortlink":"https:\/\/wp.me\/p6RhLt-AeH","jetpack_sharing_enabled":true,"_links":{"self":[{"href":"https:\/\/eldiariodesanpedro.com.ar\/sitio\/wp-json\/wp\/v2\/posts\/139295","targetHints":{"allow":["GET"]}}],"collection":[{"href":"https:\/\/eldiariodesanpedro.com.ar\/sitio\/wp-json\/wp\/v2\/posts"}],"about":[{"href":"https:\/\/eldiariodesanpedro.com.ar\/sitio\/wp-json\/wp\/v2\/types\/post"}],"author":[{"embeddable":true,"href":"https:\/\/eldiariodesanpedro.com.ar\/sitio\/wp-json\/wp\/v2\/users\/4"}],"replies":[{"embeddable":true,"href":"https:\/\/eldiariodesanpedro.com.ar\/sitio\/wp-json\/wp\/v2\/comments?post=139295"}],"version-history":[{"count":1,"href":"https:\/\/eldiariodesanpedro.com.ar\/sitio\/wp-json\/wp\/v2\/posts\/139295\/revisions"}],"predecessor-version":[{"id":139297,"href":"https:\/\/eldiariodesanpedro.com.ar\/sitio\/wp-json\/wp\/v2\/posts\/139295\/revisions\/139297"}],"wp:featuredmedia":[{"embeddable":true,"href":"https:\/\/eldiariodesanpedro.com.ar\/sitio\/wp-json\/wp\/v2\/media\/139296"}],"wp:attachment":[{"href":"https:\/\/eldiariodesanpedro.com.ar\/sitio\/wp-json\/wp\/v2\/media?parent=139295"}],"wp:term":[{"taxonomy":"category","embeddable":true,"href":"https:\/\/eldiariodesanpedro.com.ar\/sitio\/wp-json\/wp\/v2\/categories?post=139295"},{"taxonomy":"post_tag","embeddable":true,"href":"https:\/\/eldiariodesanpedro.com.ar\/sitio\/wp-json\/wp\/v2\/tags?post=139295"}],"curies":[{"name":"wp","href":"https:\/\/api.w.org\/{rel}","templated":true}]}}