{"id":139292,"date":"2025-04-15T14:33:52","date_gmt":"2025-04-15T17:33:52","guid":{"rendered":"https:\/\/eldiariodesanpedro.com.ar\/sitio\/?p=139292"},"modified":"2025-04-15T14:33:55","modified_gmt":"2025-04-15T17:33:55","slug":"comienza-la-inscripcion-al-programa-de-asistencia-voucher-educativo-2025","status":"publish","type":"post","link":"https:\/\/eldiariodesanpedro.com.ar\/sitio\/comienza-la-inscripcion-al-programa-de-asistencia-voucher-educativo-2025\/","title":{"rendered":"Comienza la inscripci\u00f3n al Programa de Asistencia Voucher Educativo 2025"},"content":{"rendered":"<!-- VideographyWP Plugin Message: Automatic video embedding prevented by plugin options. -->\n\n<p><strong>Los colegios privados de todo el pa\u00eds ya fueron notificados<\/strong> para implementar el <strong>Programa de Asistencia Voucher Educativo 2025<\/strong>, destinado a <strong>familias que necesiten cubrir hasta el 50% del valor de las cuotas mensuales<\/strong> en instituciones educativas que reciben <strong>subvenci\u00f3n estatal<\/strong>.<\/p>\n\n\n\n<p>Seg\u00fan inform\u00f3 la <strong>Asociaci\u00f3n de Institutos de Ense\u00f1anza Privada de Argentina (AIEPA)<\/strong>, la <strong>inscripci\u00f3n para los aspirantes a obtener este beneficio<\/strong>, que se implement\u00f3 por primera vez en 2024, <strong>comenzar\u00e1 el pr\u00f3ximo lunes 21 de abril<\/strong>.<\/p>\n\n\n\n<p>La entidad que agrupa a los establecimientos de ense\u00f1anza privada a nivel nacional comunic\u00f3 que <strong>la Secretar\u00eda de Educaci\u00f3n instruy\u00f3 a los directivos y representantes legales de los colegios<\/strong> para que comiencen a <strong>completar los formularios correspondientes<\/strong> a las instituciones. Esta <strong>declaraci\u00f3n jurada<\/strong> incluye <strong>informaci\u00f3n institucional y datos sobre los valores de los aranceles<\/strong>, y deber\u00e1 ser presentada <strong>antes de la finalizaci\u00f3n del corriente mes<\/strong>.<\/p>\n\n\n\n<blockquote class=\"wp-block-quote is-layout-flow wp-block-quote-is-layout-flow\">\n<p>\u201c<strong>Las inscripciones de los interesados en acceder a la ayuda estatal estar\u00e1n abiertas a partir del lunes 21<\/strong>\u201d, precis\u00f3 el <strong>Secretario Ejecutivo de AIEPA, Mart\u00edn Zurita<\/strong>.<\/p>\n<\/blockquote>\n\n\n\n<p>Tal como se recordar\u00e1, el <strong>aporte gubernamental<\/strong> consiste en un <strong>monto equivalente al 50% del valor de la cuota program\u00e1tica de la jornada simple<\/strong> de cada nivel educativo, <strong>tomando como base los valores establecidos en marzo de este a\u00f1o<\/strong>. De acuerdo con la <strong>Resoluci\u00f3n 61 del 2024 del entonces Ministerio de Capital Humano<\/strong>, el programa <strong>alcanza a aquellas instituciones que reciben un m\u00ednimo de 75% de subvenci\u00f3n estatal<\/strong>.<\/p>\n\n\n\n<p>En el caso espec\u00edfico de la <strong>Provincia de Buenos Aires<\/strong>, el beneficio podr\u00eda alcanzar <strong>hasta el 50% de $51.960<\/strong> (costo de la matr\u00edcula jornada simple de secundaria con 80% de subvenci\u00f3n) o <strong>hasta la mitad de $45.890<\/strong>, valor de la cuota mensual de una primaria con el mismo porcentaje de aporte. <strong>Para los colegios con el 100% de subvenci\u00f3n estatal<\/strong>, el voucher cubrir\u00eda <strong>hasta el 50% de $27.430 (secundaria) o $24.880 (primaria)<\/strong>.<\/p>\n\n\n\n<p>Durante el a\u00f1o pasado, AIEPA <strong>hab\u00eda solicitado a la Secretar\u00eda de Educaci\u00f3n<\/strong> que los vouchers <strong>se extendieran a escuelas con menor o nula subvenci\u00f3n estatal<\/strong>, argumentando que <strong>sus comunidades educativas tambi\u00e9n necesitan acceder al programa<\/strong>.<\/p>\n\n\n\n<p>Este a\u00f1o, se <strong>implementar\u00e1n ajustes en el mecanismo administrativo<\/strong> del programa. <strong>Los directivos de los colegios podr\u00e1n informar sobre casos en los que los beneficiarios no est\u00e9n al d\u00eda con las cuotas<\/strong>, lo que <strong>podr\u00eda derivar en la suspensi\u00f3n del aporte<\/strong>.<\/p>\n\n\n\n<p>Es importante destacar que <strong>los beneficiarios recibir\u00e1n el 50% del valor del arancel de jornada simple<\/strong>, <strong>sin incluir actividades extraprogram\u00e1ticas<\/strong>, en funci\u00f3n de la <strong>cuota base de marzo de 2025<\/strong>. Cada <strong>jurisdicci\u00f3n establecer\u00e1 estos valores seg\u00fan sus propios criterios<\/strong>.<\/p>\n\n\n\n<p>Finalmente, se record\u00f3 que <strong>solo podr\u00e1n acceder al beneficio aquellas familias cuyos ingresos no superen los siete salarios m\u00ednimos vitales y m\u00f3viles vigentes<\/strong>.<\/p>\n","protected":false},"excerpt":{"rendered":"<p>Los colegios privados de todo el pa\u00eds ya fueron notificados para implementar el Programa de Asistencia Voucher Educativo 2025, destinado a familias que necesiten cubrir hasta el 50% del valor de las cuotas mensuales en instituciones educativas que reciben subvenci\u00f3n estatal. Seg\u00fan inform\u00f3 la Asociaci\u00f3n de Institutos de Ense\u00f1anza Privada de Argentina (AIEPA), la inscripci\u00f3n [&hellip;]<\/p>\n","protected":false},"author":4,"featured_media":139293,"comment_status":"closed","ping_status":"closed","sticky":false,"template":"","format":"standard","meta":{"om_disable_all_campaigns":false,"_jetpack_memberships_contains_paid_content":false,"footnotes":""},"categories":[101,2],"tags":[],"class_list":["post-139292","post","type-post","status-publish","format-standard","has-post-thumbnail","hentry","category-interes-general-locales","category-locales"],"aioseo_notices":[],"gutentor_comment":0,"jetpack_featured_media_url":"https:\/\/eldiariodesanpedro.com.ar\/sitio\/wp-content\/uploads\/2025\/04\/medida-1-61.jpg","jetpack_shortlink":"https:\/\/wp.me\/p6RhLt-AeE","jetpack_sharing_enabled":true,"_links":{"self":[{"href":"https:\/\/eldiariodesanpedro.com.ar\/sitio\/wp-json\/wp\/v2\/posts\/139292","targetHints":{"allow":["GET"]}}],"collection":[{"href":"https:\/\/eldiariodesanpedro.com.ar\/sitio\/wp-json\/wp\/v2\/posts"}],"about":[{"href":"https:\/\/eldiariodesanpedro.com.ar\/sitio\/wp-json\/wp\/v2\/types\/post"}],"author":[{"embeddable":true,"href":"https:\/\/eldiariodesanpedro.com.ar\/sitio\/wp-json\/wp\/v2\/users\/4"}],"replies":[{"embeddable":true,"href":"https:\/\/eldiariodesanpedro.com.ar\/sitio\/wp-json\/wp\/v2\/comments?post=139292"}],"version-history":[{"count":1,"href":"https:\/\/eldiariodesanpedro.com.ar\/sitio\/wp-json\/wp\/v2\/posts\/139292\/revisions"}],"predecessor-version":[{"id":139294,"href":"https:\/\/eldiariodesanpedro.com.ar\/sitio\/wp-json\/wp\/v2\/posts\/139292\/revisions\/139294"}],"wp:featuredmedia":[{"embeddable":true,"href":"https:\/\/eldiariodesanpedro.com.ar\/sitio\/wp-json\/wp\/v2\/media\/139293"}],"wp:attachment":[{"href":"https:\/\/eldiariodesanpedro.com.ar\/sitio\/wp-json\/wp\/v2\/media?parent=139292"}],"wp:term":[{"taxonomy":"category","embeddable":true,"href":"https:\/\/eldiariodesanpedro.com.ar\/sitio\/wp-json\/wp\/v2\/categories?post=139292"},{"taxonomy":"post_tag","embeddable":true,"href":"https:\/\/eldiariodesanpedro.com.ar\/sitio\/wp-json\/wp\/v2\/tags?post=139292"}],"curies":[{"name":"wp","href":"https:\/\/api.w.org\/{rel}","templated":true}]}}