{"id":13929,"date":"2017-02-01T20:54:06","date_gmt":"2017-02-01T23:54:06","guid":{"rendered":"https:\/\/eldiariodesanpedro.com.ar\/sitio\/?p=13929"},"modified":"2017-02-01T20:54:06","modified_gmt":"2017-02-01T23:54:06","slug":"colombia-el-gobierno-y-las-farc-proclaman-el-fin-de-52-anos-de-conflicto-y-la-llegada-de-la-paz","status":"publish","type":"post","link":"https:\/\/eldiariodesanpedro.com.ar\/sitio\/colombia-el-gobierno-y-las-farc-proclaman-el-fin-de-52-anos-de-conflicto-y-la-llegada-de-la-paz\/","title":{"rendered":"COLOMBIA: El Gobierno y las FARC proclaman el fin de 52 a\u00f1os de conflicto y la llegada de la paz"},"content":{"rendered":"<p><!-- VideographyWP Plugin Message: Automatic video embedding prevented by plugin options. --><br \/>\n(T\u00e9lam) &#8211; En un acto celebrado en Pondores, al norte de Colombia, generales del Ej\u00e9rcito, polic\u00edas y guerrilleros se estrecharon la mano, en una celebraci\u00f3n por la paz.<\/p>\n<p>   El Alto Comisionado para la Paz de Colombia, Sergio Jaramillo anunci\u00f3  que que \u00ab\u00e9ste es un momento de alegr\u00eda para el pa\u00eds\u00bb, ante m\u00e1s de un centenar de guerrilleros del Frente 59 de las FARC, armados y en formaci\u00f3n, en una explanada de tierra seca en Pondores, un paraje del departamento caribe\u00f1o de La Guajira, donde llegaron los rebeldes para dejar las armas y desmovilizarse, inform\u00f3 la agencia de noticias EFE.<\/p>\n<p>   \u00abLa paz es una realidad con las FARC en Colombia\u00bb, dijo el jefe del Comando Estrat\u00e9gico de Transici\u00f3n, general Javier Fl\u00f3rez, un curtido militar a quien algunos de los guerrilleros se acercaron con deferencia a darle la mano.<\/p>\n<p>   Por su parte, Luciano Mar\u00edn Arango, alias \u201cIv\u00e1n M\u00e1rquez\u201d, miembro de las FARC dijo que \u00abla paz de Colombia es posible\u00bb y agreg\u00f3 que \u00abalgo bueno est\u00e1 pasando en Colombia y es la paz\u00bb producto de los acuerdos firmados con el Gobierno, primero en Cartagena de Indias el pasado 26 de septiembre y luego en Bogot\u00e1 el 24 de noviembre.<\/p>\n<p>   \u00abAqu\u00ed estamos para decirle a Colombia que el proceso de paz est\u00e1 en marcha (&#8230;) Esta paz es irrefrenable, indetenible, vamos para adelante\u00bb, expres\u00f3 \u00abIv\u00e1n M\u00e1rquez\u00bb, quien encabez\u00f3 el equipo negociador de las FARC en La Habana.<\/p>\n<p>   Al concluir su discurso, los guerrilleros respondieron con aplausos y el grito \u00abDesde Marquetalia hasta la victoria\u00bb, en referencia al lugar del departamento del Tolima donde nacieron las FARC en 1964.<\/p>\n","protected":false},"excerpt":{"rendered":"<p>(T\u00e9lam) &#8211; En un acto celebrado en Pondores, al norte de Colombia, generales del Ej\u00e9rcito, polic\u00edas y guerrilleros se estrecharon la mano, en una celebraci\u00f3n por la paz. El Alto Comisionado para la Paz de Colombia, Sergio Jaramillo anunci\u00f3 que que \u00ab\u00e9ste es un momento de alegr\u00eda para el pa\u00eds\u00bb, ante m\u00e1s de un centenar [&hellip;]<\/p>\n","protected":false},"author":4,"featured_media":13931,"comment_status":"open","ping_status":"closed","sticky":false,"template":"","format":"standard","meta":{"om_disable_all_campaigns":false,"_jetpack_memberships_contains_paid_content":false,"footnotes":""},"categories":[2],"tags":[],"class_list":["post-13929","post","type-post","status-publish","format-standard","has-post-thumbnail","hentry","category-locales"],"aioseo_notices":[],"gutentor_comment":0,"jetpack_featured_media_url":"https:\/\/eldiariodesanpedro.com.ar\/sitio\/wp-content\/uploads\/2017\/02\/Colombia.jpg","jetpack_shortlink":"https:\/\/wp.me\/p6RhLt-3CF","jetpack_sharing_enabled":true,"_links":{"self":[{"href":"https:\/\/eldiariodesanpedro.com.ar\/sitio\/wp-json\/wp\/v2\/posts\/13929","targetHints":{"allow":["GET"]}}],"collection":[{"href":"https:\/\/eldiariodesanpedro.com.ar\/sitio\/wp-json\/wp\/v2\/posts"}],"about":[{"href":"https:\/\/eldiariodesanpedro.com.ar\/sitio\/wp-json\/wp\/v2\/types\/post"}],"author":[{"embeddable":true,"href":"https:\/\/eldiariodesanpedro.com.ar\/sitio\/wp-json\/wp\/v2\/users\/4"}],"replies":[{"embeddable":true,"href":"https:\/\/eldiariodesanpedro.com.ar\/sitio\/wp-json\/wp\/v2\/comments?post=13929"}],"version-history":[{"count":1,"href":"https:\/\/eldiariodesanpedro.com.ar\/sitio\/wp-json\/wp\/v2\/posts\/13929\/revisions"}],"predecessor-version":[{"id":13932,"href":"https:\/\/eldiariodesanpedro.com.ar\/sitio\/wp-json\/wp\/v2\/posts\/13929\/revisions\/13932"}],"wp:featuredmedia":[{"embeddable":true,"href":"https:\/\/eldiariodesanpedro.com.ar\/sitio\/wp-json\/wp\/v2\/media\/13931"}],"wp:attachment":[{"href":"https:\/\/eldiariodesanpedro.com.ar\/sitio\/wp-json\/wp\/v2\/media?parent=13929"}],"wp:term":[{"taxonomy":"category","embeddable":true,"href":"https:\/\/eldiariodesanpedro.com.ar\/sitio\/wp-json\/wp\/v2\/categories?post=13929"},{"taxonomy":"post_tag","embeddable":true,"href":"https:\/\/eldiariodesanpedro.com.ar\/sitio\/wp-json\/wp\/v2\/tags?post=13929"}],"curies":[{"name":"wp","href":"https:\/\/api.w.org\/{rel}","templated":true}]}}