{"id":139289,"date":"2025-04-15T14:15:33","date_gmt":"2025-04-15T17:15:33","guid":{"rendered":"https:\/\/eldiariodesanpedro.com.ar\/sitio\/?p=139289"},"modified":"2025-04-15T14:15:37","modified_gmt":"2025-04-15T17:15:37","slug":"el-museo-paleontologico-de-san-pedro-celebra-22-anos-de-historia-ciencia-y-comunidad","status":"publish","type":"post","link":"https:\/\/eldiariodesanpedro.com.ar\/sitio\/el-museo-paleontologico-de-san-pedro-celebra-22-anos-de-historia-ciencia-y-comunidad\/","title":{"rendered":"El Museo Paleontol\u00f3gico de San Pedro celebra 22 a\u00f1os de historia, ciencia y comunidad"},"content":{"rendered":"<!-- VideographyWP Plugin Message: Automatic video embedding prevented by plugin options. -->\n\n<p><strong>Se cumplieron 22 a\u00f1os desde la inauguraci\u00f3n del Museo Paleontol\u00f3gico de San Pedro<\/strong>, un espacio que naci\u00f3 de un hallazgo casual y que, con el paso del tiempo, se ha consolidado como <strong>uno de los centros m\u00e1s relevantes para la preservaci\u00f3n del patrimonio f\u00f3sil bonaerense<\/strong>.<\/p>\n\n\n\n<p>Lo que comenz\u00f3 en 1998 con el descubrimiento fortuito de un f\u00f3sil, se transform\u00f3 gracias al impulso del <strong>Grupo Conservacionista de F\u00f3siles<\/strong> en un referente cient\u00edfico y educativo. <strong>Durante m\u00e1s de dos d\u00e9cadas, el museo ha sido escenario de importantes descubrimientos paleontol\u00f3gicos<\/strong>, hitos en la conservaci\u00f3n y una intensa labor de divulgaci\u00f3n cient\u00edfica que ha involucrado a la comunidad local y trascendido fronteras.<\/p>\n\n\n\n<p>Desde aquel primer hallazgo que <strong>despert\u00f3 la curiosidad cient\u00edfica en Jos\u00e9 Luis Aguilar y un peque\u00f1o grupo de entusiastas<\/strong>, el museo ha conformado una colecci\u00f3n invaluable. Esta incluye <strong>ejemplares emblem\u00e1ticos de la megafauna del Pleistoceno<\/strong>, como <strong>gliptodontes, megaterios, mastodontes y tigres dientes de sable<\/strong>, que habitaron la regi\u00f3n pampeana hace miles de a\u00f1os.<\/p>\n\n\n\n<p>Pero el Paleontol\u00f3gico de San Pedro es mucho m\u00e1s que un museo: <strong>es un centro activo de investigaci\u00f3n y educaci\u00f3n<\/strong>. En estos a\u00f1os, ha sido sede de <strong>campa\u00f1as de excavaci\u00f3n que han revelado importantes secretos de la prehistoria local<\/strong>. Gracias al trabajo de <strong>cient\u00edficos, t\u00e9cnicos y voluntarios<\/strong>, cada pieza ha sido cuidadosamente identificada, limpiada y catalogada, garantizando su preservaci\u00f3n para las futuras generaciones.<\/p>\n\n\n\n<p><strong>La participaci\u00f3n comunitaria ha sido clave en su desarrollo<\/strong>. A trav\u00e9s de <strong>visitas guiadas, talleres, charlas y exposiciones itinerantes<\/strong>, el museo ha logrado acercar la paleontolog\u00eda a personas de todas las edades, promoviendo la conciencia sobre la importancia de conservar nuestro patrimonio natural. <strong>Vecinos y vecinas han tenido un rol activo en las excavaciones y actividades del museo<\/strong>, fortaleciendo el v\u00ednculo entre la ciencia y la sociedad.<\/p>\n\n\n\n<blockquote class=\"wp-block-quote is-layout-flow wp-block-quote-is-layout-flow\">\n<p><strong>\u00abEs un d\u00eda de profunda alegr\u00eda para todos los que formamos parte de esta gran familia paleontol\u00f3gica\u00bb<\/strong>, expres\u00f3 Jos\u00e9 Luis Aguilar. <strong>\u00abVer c\u00f3mo una idea que naci\u00f3 de un hallazgo casual creci\u00f3 hasta convertirse en un referente a nivel provincial y nacional es motivo de orgullo. Este aniversario es un reconocimiento al esfuerzo de cada persona que, con su dedicaci\u00f3n, ha contribuido a descubrir, preservar y difundir el invaluable patrimonio paleontol\u00f3gico de San Pedro\u00bb<\/strong>.<\/p>\n<\/blockquote>\n\n\n\n<p>Con la mirada puesta en el futuro, <strong>el museo contin\u00faa desarrollando nuevas l\u00edneas de investigaci\u00f3n y proyectos de divulgaci\u00f3n<\/strong>, reafirmando su misi\u00f3n de seguir revelando los secretos del pasado y consolid\u00e1ndose como <strong>un espacio de encuentro entre la ciencia, la historia y la comunidad<\/strong>.<\/p>\n","protected":false},"excerpt":{"rendered":"<p>Se cumplieron 22 a\u00f1os desde la inauguraci\u00f3n del Museo Paleontol\u00f3gico de San Pedro, un espacio que naci\u00f3 de un hallazgo casual y que, con el paso del tiempo, se ha consolidado como uno de los centros m\u00e1s relevantes para la preservaci\u00f3n del patrimonio f\u00f3sil bonaerense. Lo que comenz\u00f3 en 1998 con el descubrimiento fortuito de [&hellip;]<\/p>\n","protected":false},"author":4,"featured_media":139290,"comment_status":"closed","ping_status":"closed","sticky":false,"template":"","format":"standard","meta":{"om_disable_all_campaigns":false,"_jetpack_memberships_contains_paid_content":false,"footnotes":""},"categories":[101,2],"tags":[],"class_list":["post-139289","post","type-post","status-publish","format-standard","has-post-thumbnail","hentry","category-interes-general-locales","category-locales"],"aioseo_notices":[],"gutentor_comment":0,"jetpack_featured_media_url":"https:\/\/eldiariodesanpedro.com.ar\/sitio\/wp-content\/uploads\/2025\/04\/0feadb0d-1a3f-4d69-9e2b-1d4183924b62.jpg","jetpack_shortlink":"https:\/\/wp.me\/p6RhLt-AeB","jetpack_sharing_enabled":true,"_links":{"self":[{"href":"https:\/\/eldiariodesanpedro.com.ar\/sitio\/wp-json\/wp\/v2\/posts\/139289","targetHints":{"allow":["GET"]}}],"collection":[{"href":"https:\/\/eldiariodesanpedro.com.ar\/sitio\/wp-json\/wp\/v2\/posts"}],"about":[{"href":"https:\/\/eldiariodesanpedro.com.ar\/sitio\/wp-json\/wp\/v2\/types\/post"}],"author":[{"embeddable":true,"href":"https:\/\/eldiariodesanpedro.com.ar\/sitio\/wp-json\/wp\/v2\/users\/4"}],"replies":[{"embeddable":true,"href":"https:\/\/eldiariodesanpedro.com.ar\/sitio\/wp-json\/wp\/v2\/comments?post=139289"}],"version-history":[{"count":1,"href":"https:\/\/eldiariodesanpedro.com.ar\/sitio\/wp-json\/wp\/v2\/posts\/139289\/revisions"}],"predecessor-version":[{"id":139291,"href":"https:\/\/eldiariodesanpedro.com.ar\/sitio\/wp-json\/wp\/v2\/posts\/139289\/revisions\/139291"}],"wp:featuredmedia":[{"embeddable":true,"href":"https:\/\/eldiariodesanpedro.com.ar\/sitio\/wp-json\/wp\/v2\/media\/139290"}],"wp:attachment":[{"href":"https:\/\/eldiariodesanpedro.com.ar\/sitio\/wp-json\/wp\/v2\/media?parent=139289"}],"wp:term":[{"taxonomy":"category","embeddable":true,"href":"https:\/\/eldiariodesanpedro.com.ar\/sitio\/wp-json\/wp\/v2\/categories?post=139289"},{"taxonomy":"post_tag","embeddable":true,"href":"https:\/\/eldiariodesanpedro.com.ar\/sitio\/wp-json\/wp\/v2\/tags?post=139289"}],"curies":[{"name":"wp","href":"https:\/\/api.w.org\/{rel}","templated":true}]}}