{"id":139286,"date":"2025-04-15T14:01:33","date_gmt":"2025-04-15T17:01:33","guid":{"rendered":"https:\/\/eldiariodesanpedro.com.ar\/sitio\/?p=139286"},"modified":"2025-04-15T14:01:36","modified_gmt":"2025-04-15T17:01:36","slug":"agenda-de-semana-santa-y-actividades-de-abril-en-san-pedro","status":"publish","type":"post","link":"https:\/\/eldiariodesanpedro.com.ar\/sitio\/agenda-de-semana-santa-y-actividades-de-abril-en-san-pedro\/","title":{"rendered":"Agenda de Semana Santa y actividades de abril en San Pedro"},"content":{"rendered":"<!-- VideographyWP Plugin Message: Automatic video embedding prevented by plugin options. -->\n\n<p>La Municipalidad de San Pedro, a trav\u00e9s de la Secretar\u00eda de Turismo, Cultura, Deportes y Educaci\u00f3n, present\u00f3 en conferencia de prensa en la Casona de Turismo una variada agenda de propuestas para el fin de semana largo de Semana Santa, del jueves 17 al domingo 20 de abril.<\/p>\n\n\n\n<p>El jueves 17, desde las 14:00, se realizar\u00e1 una nueva edici\u00f3n de San Pedro Juega con actividades deportivas organizadas por la Direcci\u00f3n de Deportes en distintas disciplinas. El viernes, el Estadio Municipal ser\u00e1 sede de un encuentro de mini-b\u00e1squet con escuelas municipales.<\/p>\n\n\n\n<p>Ese mismo viernes, en el Paseo P\u00fablico, se desarrollar\u00e1 San Pedro Baila, desde las 12:00 hasta las 19:00, con la participaci\u00f3n de m\u00e1s de 23 grupos de danza locales. Tambi\u00e9n comenzar\u00e1 una nueva edici\u00f3n de San Pedro Canta, con espect\u00e1culos musicales durante todo el fin de semana y la actuaci\u00f3n de artistas como Keko Gonz\u00e1lez, Pialando Recuerdos, Renacer de la Luna, Gaucho Rivero, Ra\u00fal Palma, Los Primiceros y Yuyo Gonzalo, entre otros. La entrada ser\u00e1 libre y gratuita.<\/p>\n\n\n\n<p>Adem\u00e1s, de jueves a domingo en el Paseo P\u00fablico Municipal, desde las 10 horas se desarrollar\u00e1 el \u00abPaseo artesanal de emprendedores locales\u00bb. Tambi\u00e9n habr\u00e1 visitas guiadas gratuitas por el casco hist\u00f3rico, con salidas desde la Casona de Turismo, y recorridos especiales desde el Museo Hist\u00f3rico Regional. En el Patio Agenor Almada habr\u00e1 espect\u00e1culos musicales el viernes y s\u00e1bado desde el mediod\u00eda.<\/p>\n\n\n\n<p>En Vuelta de Obligado, el domingo se celebrar\u00e1 el cierre de temporada de verano con m\u00fasica en vivo desde el mediod\u00eda, la participaci\u00f3n de Jonathan Piatti y Mat\u00edas M\u00e1rzico, y cantina a beneficio de la Comisi\u00f3n de Fomento.<\/p>\n\n\n\n<p>En el Teatro Siripo contin\u00faa la cartelera teatral con la obra Divas (pero falladas), el s\u00e1bado 19 a las 21:00. Reservas al 3329 577715.<\/p>\n\n\n\n<p>Durante la conferencia participaron la Directora de Turismo, Victoria Villalba; el Director de Cultura, David Kurlat; el Director de Deportes, Valent\u00edn Bravo; y el Delegado de R\u00edo Tala, Walter D\u00edaz.<\/p>\n\n\n\n<p>Adem\u00e1s, se anunci\u00f3 que el domingo 27 de abril se llevar\u00e1 a cabo el acto por el 112\u00b0 Aniversario de R\u00edo Tala y la recuperaci\u00f3n de la Fiesta de la Rosa y el Libro, con acto en la plaza principal a las 10:30 y actividades en el Club Talense. Y el S\u00e1bado 3 de mayo la Fiesta de la Batata en la cancha del Club Las Palmeras desde las 13:00, con feria, espect\u00e1culos y gran cierre musical a cargo de Banda XXI.<\/p>\n\n\n\n<p>El viernes 25 de abril se realizar\u00e1 una Pe\u00f1a a lo Grande en la Plazoleta Fray Cayetano, desde las 18:00, con grupos locales y artistas enviados por la Subsecretar\u00eda de Promoci\u00f3n Cultural de la Provincia de Buenos Aires.<\/p>\n\n\n\n<p>Del 26 al 29 de abril, en la Plazoleta Fray Cayetano Rodr\u00edguez y el Museo Hist\u00f3rico, se desarrollar\u00e1 una muestra homenaje al artista local Pedro Su\u00f1er, con esculturas, cuadros y fotograf\u00edas. La inauguraci\u00f3n ser\u00e1 el viernes 26 a las 16:00.<\/p>\n","protected":false},"excerpt":{"rendered":"<p>La Municipalidad de San Pedro, a trav\u00e9s de la Secretar\u00eda de Turismo, Cultura, Deportes y Educaci\u00f3n, present\u00f3 en conferencia de prensa en la Casona de Turismo una variada agenda de propuestas para el fin de semana largo de Semana Santa, del jueves 17 al domingo 20 de abril. El jueves 17, desde las 14:00, se [&hellip;]<\/p>\n","protected":false},"author":4,"featured_media":139287,"comment_status":"closed","ping_status":"closed","sticky":false,"template":"","format":"standard","meta":{"om_disable_all_campaigns":false,"_jetpack_memberships_contains_paid_content":false,"footnotes":""},"categories":[50,101,2],"tags":[],"class_list":["post-139286","post","type-post","status-publish","format-standard","has-post-thumbnail","hentry","category-destacadas","category-interes-general-locales","category-locales"],"aioseo_notices":[],"gutentor_comment":0,"jetpack_featured_media_url":"https:\/\/eldiariodesanpedro.com.ar\/sitio\/wp-content\/uploads\/2025\/04\/Imagen-de-WhatsApp-2025-04-15-a-las-11.52.57_c9973bf5.jpg","jetpack_shortlink":"https:\/\/wp.me\/p6RhLt-Aey","jetpack_sharing_enabled":true,"_links":{"self":[{"href":"https:\/\/eldiariodesanpedro.com.ar\/sitio\/wp-json\/wp\/v2\/posts\/139286","targetHints":{"allow":["GET"]}}],"collection":[{"href":"https:\/\/eldiariodesanpedro.com.ar\/sitio\/wp-json\/wp\/v2\/posts"}],"about":[{"href":"https:\/\/eldiariodesanpedro.com.ar\/sitio\/wp-json\/wp\/v2\/types\/post"}],"author":[{"embeddable":true,"href":"https:\/\/eldiariodesanpedro.com.ar\/sitio\/wp-json\/wp\/v2\/users\/4"}],"replies":[{"embeddable":true,"href":"https:\/\/eldiariodesanpedro.com.ar\/sitio\/wp-json\/wp\/v2\/comments?post=139286"}],"version-history":[{"count":1,"href":"https:\/\/eldiariodesanpedro.com.ar\/sitio\/wp-json\/wp\/v2\/posts\/139286\/revisions"}],"predecessor-version":[{"id":139288,"href":"https:\/\/eldiariodesanpedro.com.ar\/sitio\/wp-json\/wp\/v2\/posts\/139286\/revisions\/139288"}],"wp:featuredmedia":[{"embeddable":true,"href":"https:\/\/eldiariodesanpedro.com.ar\/sitio\/wp-json\/wp\/v2\/media\/139287"}],"wp:attachment":[{"href":"https:\/\/eldiariodesanpedro.com.ar\/sitio\/wp-json\/wp\/v2\/media?parent=139286"}],"wp:term":[{"taxonomy":"category","embeddable":true,"href":"https:\/\/eldiariodesanpedro.com.ar\/sitio\/wp-json\/wp\/v2\/categories?post=139286"},{"taxonomy":"post_tag","embeddable":true,"href":"https:\/\/eldiariodesanpedro.com.ar\/sitio\/wp-json\/wp\/v2\/tags?post=139286"}],"curies":[{"name":"wp","href":"https:\/\/api.w.org\/{rel}","templated":true}]}}