{"id":13917,"date":"2017-02-01T20:39:49","date_gmt":"2017-02-01T23:39:49","guid":{"rendered":"https:\/\/eldiariodesanpedro.com.ar\/sitio\/?p=13917"},"modified":"2017-02-01T20:39:49","modified_gmt":"2017-02-01T23:39:49","slug":"la-cgt-definira-manana-un-plan-de-lucha-o-una-marcha-de-protesta-para-marzo","status":"publish","type":"post","link":"https:\/\/eldiariodesanpedro.com.ar\/sitio\/la-cgt-definira-manana-un-plan-de-lucha-o-una-marcha-de-protesta-para-marzo\/","title":{"rendered":"La CGT definir\u00e1 ma\u00f1ana un plan de lucha o una marcha de protesta para marzo"},"content":{"rendered":"<p><!-- VideographyWP Plugin Message: Automatic video embedding prevented by plugin options. --><br \/>\n(T\u00e9lam) &#8211; El Consejo Directivo, en el marco de un generalizado e inocultable malestar sindical por las pol\u00edticas gubernamentales y las suspensiones y despidos, debatir\u00e1 en la jornada de ma\u00f1ana la realizaci\u00f3n de un plan de lucha que incluir\u00eda una movilizaci\u00f3n de protesta, entre otras medidas de acci\u00f3n directa.<\/p>\n<p>   Mientras algunos gremios vinculados al moyanismo buscar\u00e1n apoyos para establecer un cronograma que contemple hasta la posibilidad de un paro nacional de 24 horas, los principales referentes de los sindicatos industriales van a proponer una marcha de protesta para la primera semana de marzo.<\/p>\n<p>   El clima de cordialidad que hab\u00eda en la relaci\u00f3n de la CGT con el Gobierno nacional comenz\u00f3 a evaporarse a fines de 2016, cuando los dirigentes sindicales comenzaron a ver que distintos compromisos acordados en la Mesa del Di\u00e1logo Social (que integran Gobierno, gremios y empresas) no se cumpl\u00edan, y por el contrario comenzaron las suspensiones, despidos y cierres de empresas.<\/p>\n<p>   Si algo faltaba para empeorar la relaci\u00f3n fueron los resultados negativos de los reclamos de cambios que realizaron el martes los integrantes del triunvirato cegetista, Carlos Acu\u00f1a, H\u00e9ctor Daer y Juan Carlos Schmid ante el vicejefe del Gabinete de ministros, Mario Quintana y el ministro de Trabajo, Jorge Triaca.<\/p>\n<p>   Una fuente gremial confi\u00f3 que el tr\u00edo que conduce la central obrera sali\u00f3 con las manos vac\u00edas de la reuni\u00f3n y, sintetiz\u00f3 con la frase: \u00abEst\u00e1 todo muy mal\u00bb, el casi seguro corrimiento de la conducci\u00f3n cegetista de la Mesa de Di\u00e1logo Social.<\/p>\n<p>   El secretario de Industria de la CGT, Rodolfo Daer, dijo hoy: \u00abla presi\u00f3n es muy fuerte para hacer en la primera semana de marzo una marcha en Defensa del Empleo y la Producci\u00f3n, cuyos escenarios probables son el Congreso o el Ministerio de Producci\u00f3n\u00bb.<\/p>\n<p>   El gremialista, tras a\u00f1adir que \u00ablas cosas no van y no hay una pol\u00edtica industrial\u00bb ,sostuvo : \u00abestamos sufriendo miles de suspensiones y despidos y el ministro Francisco Cabrera habla de abrir la importaci\u00f3n de productos extranjeros, con lo que vamos a seguir perdiendo fuentes laborales\u00bb.<\/p>\n<p>   Otro dirigente de uno de los gremios m\u00e1s afectados por las suspensiones, despidos y cierres de empresas, Hugo Ben\u00edtez, titular de la Asociaci\u00f3n Obrera Textil (AOT), tambi\u00e9n manifest\u00f3 que \u00abma\u00f1ana los sindicatos industriales vamos a reclamar la realizaci\u00f3n de una gran movilizaci\u00f3n y Jornada de protesta para los primeros d\u00edas de marzo\u00bb.<\/p>\n<p>   Consultado sobre si eso implicar\u00eda la participaci\u00f3n de los gremios industriales en la protesta que organiza la UOM para el 14 de este mes, Ben\u00edtez precis\u00f3: \u00abesa es un movilizaci\u00f3n organizada por la UOM, que cuenta con nuestra solidaridad. Nosotros planteamos una de todos los gremios, no s\u00f3lo de los industriales\u00bb.<\/p>\n<p>   El secretario de Capacitaci\u00f3n de la CGT, Argentino Geneiro, por su parte, consider\u00f3 que \u00abalgo hay que hacer\u00bb y no descart\u00f3 que ma\u00f1ana se \u00abdebata un plan de lucha, porque en el \u00e1mbito gastron\u00f3mico todos los d\u00edas cierran restaurantes y confiter\u00edas, con el consiguiente despido de trabajadores\u00bb.<\/p>\n<p>   Geneiro tambi\u00e9n critic\u00f3 a las autoridades nacionales al manifestar: \u00abel Gobierno no le puso freno al sector empresario que, a pesar de los acuerdos firmados en la Mesa de Di\u00e1logo Social, suspendi\u00f3 y despidi\u00f3 trabajadores\u00bb.<\/p>\n<p>   En el sector de los gremios del Transporte, sus principales dirigentes estar\u00edan dispuestos a solidarizarse y acompa\u00f1ar lo que decida el consejo directivo de CGT, seg\u00fan manifestaciones d\u00edas atr\u00e1s de uno de sus principales referentes el titular de UTA, Roberto Fern\u00e1ndez.<\/p>\n<p>   Similar posici\u00f3n adoptar\u00edan los gremios de servicios, ya que no descartan que si se profundiza la crisis econ\u00f3mica y laboral \u00abtarde o temprano no nos toquen a nosotros los despidos\u00bb, sostuvo uno de los principales referentes del sector donde se encuentran los estatales, Obras Sanitarias y la construcci\u00f3n.<\/p>\n","protected":false},"excerpt":{"rendered":"<p>(T\u00e9lam) &#8211; El Consejo Directivo, en el marco de un generalizado e inocultable malestar sindical por las pol\u00edticas gubernamentales y las suspensiones y despidos, debatir\u00e1 en la jornada de ma\u00f1ana la realizaci\u00f3n de un plan de lucha que incluir\u00eda una movilizaci\u00f3n de protesta, entre otras medidas de acci\u00f3n directa. Mientras algunos gremios vinculados al moyanismo [&hellip;]<\/p>\n","protected":false},"author":4,"featured_media":13918,"comment_status":"open","ping_status":"closed","sticky":false,"template":"","format":"standard","meta":{"om_disable_all_campaigns":false,"_jetpack_memberships_contains_paid_content":false,"footnotes":""},"categories":[3],"tags":[],"class_list":["post-13917","post","type-post","status-publish","format-standard","has-post-thumbnail","hentry","category-nacionales"],"aioseo_notices":[],"gutentor_comment":0,"jetpack_featured_media_url":"https:\/\/eldiariodesanpedro.com.ar\/sitio\/wp-content\/uploads\/2017\/02\/CGT.jpg","jetpack_shortlink":"https:\/\/wp.me\/p6RhLt-3Ct","jetpack_sharing_enabled":true,"_links":{"self":[{"href":"https:\/\/eldiariodesanpedro.com.ar\/sitio\/wp-json\/wp\/v2\/posts\/13917","targetHints":{"allow":["GET"]}}],"collection":[{"href":"https:\/\/eldiariodesanpedro.com.ar\/sitio\/wp-json\/wp\/v2\/posts"}],"about":[{"href":"https:\/\/eldiariodesanpedro.com.ar\/sitio\/wp-json\/wp\/v2\/types\/post"}],"author":[{"embeddable":true,"href":"https:\/\/eldiariodesanpedro.com.ar\/sitio\/wp-json\/wp\/v2\/users\/4"}],"replies":[{"embeddable":true,"href":"https:\/\/eldiariodesanpedro.com.ar\/sitio\/wp-json\/wp\/v2\/comments?post=13917"}],"version-history":[{"count":1,"href":"https:\/\/eldiariodesanpedro.com.ar\/sitio\/wp-json\/wp\/v2\/posts\/13917\/revisions"}],"predecessor-version":[{"id":13919,"href":"https:\/\/eldiariodesanpedro.com.ar\/sitio\/wp-json\/wp\/v2\/posts\/13917\/revisions\/13919"}],"wp:featuredmedia":[{"embeddable":true,"href":"https:\/\/eldiariodesanpedro.com.ar\/sitio\/wp-json\/wp\/v2\/media\/13918"}],"wp:attachment":[{"href":"https:\/\/eldiariodesanpedro.com.ar\/sitio\/wp-json\/wp\/v2\/media?parent=13917"}],"wp:term":[{"taxonomy":"category","embeddable":true,"href":"https:\/\/eldiariodesanpedro.com.ar\/sitio\/wp-json\/wp\/v2\/categories?post=13917"},{"taxonomy":"post_tag","embeddable":true,"href":"https:\/\/eldiariodesanpedro.com.ar\/sitio\/wp-json\/wp\/v2\/tags?post=13917"}],"curies":[{"name":"wp","href":"https:\/\/api.w.org\/{rel}","templated":true}]}}