{"id":13914,"date":"2017-02-01T20:35:29","date_gmt":"2017-02-01T23:35:29","guid":{"rendered":"https:\/\/eldiariodesanpedro.com.ar\/sitio\/?p=13914"},"modified":"2017-02-01T20:35:29","modified_gmt":"2017-02-01T23:35:29","slug":"reactivaron-la-denuncia-de-nisman-contra-cristina-por-la-amia","status":"publish","type":"post","link":"https:\/\/eldiariodesanpedro.com.ar\/sitio\/reactivaron-la-denuncia-de-nisman-contra-cristina-por-la-amia\/","title":{"rendered":"Reactivaron la denuncia de Nisman contra Cristina por la AMIA"},"content":{"rendered":"<p><!-- VideographyWP Plugin Message: Automatic video embedding prevented by plugin options. --><br \/>\n(Minutouno) &#8211; El juez Ariel Lijo orden\u00f3 la realizaci\u00f3n de las medidas que hab\u00eda propuesto el fiscal Pollicita para investigar a la ex presidenta Cristina Kirchner y sus ex funcionarios por supuesto encubrimiento en el atentado a la AMIA.<\/p>\n<p>   El juez federal Ariel Lijo deleg\u00f3 en el fiscal Gerardo Pollicita la investigaci\u00f3n en la que Nisman denunci\u00f3 a Cristina Kirchner y H\u00e9ctor Timerman, entre otros, por la existencia de un plan delictivo destinado a encubrir y dotar de impunidad a iran\u00edes imputados por el atentado a la AMIA.<\/p>\n<p>   El magistrado encomend\u00f3 al fiscal Gerardo Pollicita que practique las medidas probatorias propuestas en el marco de la causa por la denuncia que hab\u00eda presentado el fiscal Alberto Nisman antes de morir.<\/p>\n<p>   Adem\u00e1s de Cristina Kirchner y H\u00e9ctor Marcos Timerman, est\u00e1n denunciados Andr\u00e9s Larroque, Jorge Alejandro \u00abYussuf\u00bb Khalil, H\u00e9ctor Luis Yrimia, Luis \u00c1ngel D`Elia, Fernando Esteche y Ram\u00f3n Allan H\u00e9ctor Bogado.<\/p>\n<p>   Todos por la existencia de un plan delictivo destinado a encubrir y dotar de impunidad a los ciudadanos de nacionalidad iran\u00ed imputados en el marco del expediente en el que se investiga el atentado a la sede de la AMIA ocurrido el 18 de julio de 1994.<\/p>\n","protected":false},"excerpt":{"rendered":"<p>(Minutouno) &#8211; El juez Ariel Lijo orden\u00f3 la realizaci\u00f3n de las medidas que hab\u00eda propuesto el fiscal Pollicita para investigar a la ex presidenta Cristina Kirchner y sus ex funcionarios por supuesto encubrimiento en el atentado a la AMIA. El juez federal Ariel Lijo deleg\u00f3 en el fiscal Gerardo Pollicita la investigaci\u00f3n en la que [&hellip;]<\/p>\n","protected":false},"author":4,"featured_media":13915,"comment_status":"open","ping_status":"closed","sticky":false,"template":"","format":"standard","meta":{"om_disable_all_campaigns":false,"_jetpack_memberships_contains_paid_content":false,"footnotes":""},"categories":[3],"tags":[],"class_list":["post-13914","post","type-post","status-publish","format-standard","has-post-thumbnail","hentry","category-nacionales"],"aioseo_notices":[],"gutentor_comment":0,"jetpack_featured_media_url":"https:\/\/eldiariodesanpedro.com.ar\/sitio\/wp-content\/uploads\/2017\/02\/AMIA.jpg","jetpack_shortlink":"https:\/\/wp.me\/p6RhLt-3Cq","jetpack_sharing_enabled":true,"_links":{"self":[{"href":"https:\/\/eldiariodesanpedro.com.ar\/sitio\/wp-json\/wp\/v2\/posts\/13914","targetHints":{"allow":["GET"]}}],"collection":[{"href":"https:\/\/eldiariodesanpedro.com.ar\/sitio\/wp-json\/wp\/v2\/posts"}],"about":[{"href":"https:\/\/eldiariodesanpedro.com.ar\/sitio\/wp-json\/wp\/v2\/types\/post"}],"author":[{"embeddable":true,"href":"https:\/\/eldiariodesanpedro.com.ar\/sitio\/wp-json\/wp\/v2\/users\/4"}],"replies":[{"embeddable":true,"href":"https:\/\/eldiariodesanpedro.com.ar\/sitio\/wp-json\/wp\/v2\/comments?post=13914"}],"version-history":[{"count":1,"href":"https:\/\/eldiariodesanpedro.com.ar\/sitio\/wp-json\/wp\/v2\/posts\/13914\/revisions"}],"predecessor-version":[{"id":13916,"href":"https:\/\/eldiariodesanpedro.com.ar\/sitio\/wp-json\/wp\/v2\/posts\/13914\/revisions\/13916"}],"wp:featuredmedia":[{"embeddable":true,"href":"https:\/\/eldiariodesanpedro.com.ar\/sitio\/wp-json\/wp\/v2\/media\/13915"}],"wp:attachment":[{"href":"https:\/\/eldiariodesanpedro.com.ar\/sitio\/wp-json\/wp\/v2\/media?parent=13914"}],"wp:term":[{"taxonomy":"category","embeddable":true,"href":"https:\/\/eldiariodesanpedro.com.ar\/sitio\/wp-json\/wp\/v2\/categories?post=13914"},{"taxonomy":"post_tag","embeddable":true,"href":"https:\/\/eldiariodesanpedro.com.ar\/sitio\/wp-json\/wp\/v2\/tags?post=13914"}],"curies":[{"name":"wp","href":"https:\/\/api.w.org\/{rel}","templated":true}]}}