{"id":13902,"date":"2017-02-01T20:27:04","date_gmt":"2017-02-01T23:27:04","guid":{"rendered":"https:\/\/eldiariodesanpedro.com.ar\/sitio\/?p=13902"},"modified":"2017-02-01T20:27:04","modified_gmt":"2017-02-01T23:27:04","slug":"tras-la-grave-inundacion-las-exenciones-impositivas-para-los-emilianos-podrian-tambien-provenir-de-provincia","status":"publish","type":"post","link":"https:\/\/eldiariodesanpedro.com.ar\/sitio\/tras-la-grave-inundacion-las-exenciones-impositivas-para-los-emilianos-podrian-tambien-provenir-de-provincia\/","title":{"rendered":"TRAS LA GRAVE INUNDACI\u00d3N: Las exenciones impositivas para los emilianos podr\u00edan tambi\u00e9n provenir de Provincia"},"content":{"rendered":"<p><!-- VideographyWP Plugin Message: Automatic video embedding prevented by plugin options. --><br \/>\nEs un hecho que lo damnificados por la inundaci\u00f3n de La Emilia gozar\u00e1n de exenciones en el pago de las tasas municipales. \u00bfQu\u00e9 sucede, en tanto, con los impuestos que cobra la Provincia? Por ahora, se anunciaron pr\u00f3rrogas en los vencimientos. No obstante, un proyecto de Lisandro Bonelli pide exenciones para todo el a\u00f1o.<\/p>\n<p>La ayuda econ\u00f3mica es una de las demandas centrales por las que reclaman los vecinos de La Emilia perjudicados por la inundaci\u00f3n sufrida en esa localidad del Partido de San Nicol\u00e1s. El Estado municipal ya dio algunas respuestas: primero desde el Ejecutivo, que entre otras medidas anunci\u00f3 exenciones por tres meses en el pago de las tasas municipales de ABL y Servicios Sanitarios; m\u00e1s tarde, desde el deliberativo local cuyos concejales aprobaron por mayor\u00eda (entre otras normativas) una ordenanza que de ser promulgada establecer\u00e1 que las exenciones alcancen a todo el Ejercicio 2017 y no s\u00f3lo a los meses de enero, febrero y marzo.La cuesti\u00f3n terminar\u00e1 de resolverse en las pr\u00f3ximas horas, cuando en el Palacio Municipal se decida si la ordenanza aprobada en el Palacio Legislativo se promulga o se veta. Pese al disgusto que las medidas tildadas de \u201cdemag\u00f3gicas\u201d gener\u00f3 en los contables del municipio, ya hubo funcionarios que anticiparon que las normativas ser\u00e1n promulgadas; por lo que cabe esperar que las exenciones para los frentistas damnificados por la inundaci\u00f3n (no s\u00f3lo para los emilianos, sino tambi\u00e9n para los de los barrios de San Nicol\u00e1s) terminen siendo por un total de 12 meses.Mientras tanto, apareci\u00f3 con fuerza la pregunta: \u00bfY por el lado de la Provincia, que respiro impositivo se pude dar a los damnificados que tienen que reconstruir sus condiciones de vida? \u00bfHabr\u00e1 exenciones? Por el momento, la alternativa no se anunci\u00f3. S\u00ed se elabor\u00f3 un esquema de pr\u00f3rroga en los vencimientos del Impuesto Inmobiliario. Por ahora, s\u00f3lo eso. No obstante, el diputado Lisandro Bonelli ya plante\u00f3 el pedido por escrito, en un proyecto de Ley que solicita a la Provincia exenciones para los damnificados de todo el Partido de San Nicol\u00e1s.  (Diario El Norte)<\/p>\n","protected":false},"excerpt":{"rendered":"<p>Es un hecho que lo damnificados por la inundaci\u00f3n de La Emilia gozar\u00e1n de exenciones en el pago de las tasas municipales. \u00bfQu\u00e9 sucede, en tanto, con los impuestos que cobra la Provincia? Por ahora, se anunciaron pr\u00f3rrogas en los vencimientos. No obstante, un proyecto de Lisandro Bonelli pide exenciones para todo el a\u00f1o. La [&hellip;]<\/p>\n","protected":false},"author":4,"featured_media":13903,"comment_status":"open","ping_status":"closed","sticky":false,"template":"","format":"standard","meta":{"om_disable_all_campaigns":false,"_jetpack_memberships_contains_paid_content":false,"footnotes":""},"categories":[621],"tags":[],"class_list":["post-13902","post","type-post","status-publish","format-standard","has-post-thumbnail","hentry","category-regionales"],"aioseo_notices":[],"gutentor_comment":0,"jetpack_featured_media_url":"https:\/\/eldiariodesanpedro.com.ar\/sitio\/wp-content\/uploads\/2017\/02\/damnificados-por-la-inundaci\u00f3n-de-La-Emilia.jpg","jetpack_shortlink":"https:\/\/wp.me\/p6RhLt-3Ce","jetpack_sharing_enabled":true,"_links":{"self":[{"href":"https:\/\/eldiariodesanpedro.com.ar\/sitio\/wp-json\/wp\/v2\/posts\/13902","targetHints":{"allow":["GET"]}}],"collection":[{"href":"https:\/\/eldiariodesanpedro.com.ar\/sitio\/wp-json\/wp\/v2\/posts"}],"about":[{"href":"https:\/\/eldiariodesanpedro.com.ar\/sitio\/wp-json\/wp\/v2\/types\/post"}],"author":[{"embeddable":true,"href":"https:\/\/eldiariodesanpedro.com.ar\/sitio\/wp-json\/wp\/v2\/users\/4"}],"replies":[{"embeddable":true,"href":"https:\/\/eldiariodesanpedro.com.ar\/sitio\/wp-json\/wp\/v2\/comments?post=13902"}],"version-history":[{"count":1,"href":"https:\/\/eldiariodesanpedro.com.ar\/sitio\/wp-json\/wp\/v2\/posts\/13902\/revisions"}],"predecessor-version":[{"id":13904,"href":"https:\/\/eldiariodesanpedro.com.ar\/sitio\/wp-json\/wp\/v2\/posts\/13902\/revisions\/13904"}],"wp:featuredmedia":[{"embeddable":true,"href":"https:\/\/eldiariodesanpedro.com.ar\/sitio\/wp-json\/wp\/v2\/media\/13903"}],"wp:attachment":[{"href":"https:\/\/eldiariodesanpedro.com.ar\/sitio\/wp-json\/wp\/v2\/media?parent=13902"}],"wp:term":[{"taxonomy":"category","embeddable":true,"href":"https:\/\/eldiariodesanpedro.com.ar\/sitio\/wp-json\/wp\/v2\/categories?post=13902"},{"taxonomy":"post_tag","embeddable":true,"href":"https:\/\/eldiariodesanpedro.com.ar\/sitio\/wp-json\/wp\/v2\/tags?post=13902"}],"curies":[{"name":"wp","href":"https:\/\/api.w.org\/{rel}","templated":true}]}}