{"id":13895,"date":"2017-02-01T20:22:14","date_gmt":"2017-02-01T23:22:14","guid":{"rendered":"https:\/\/eldiariodesanpedro.com.ar\/sitio\/?p=13895"},"modified":"2017-02-01T20:22:14","modified_gmt":"2017-02-01T23:22:14","slug":"despidos-en-la-planta-de-donto-en-baradero","status":"publish","type":"post","link":"https:\/\/eldiariodesanpedro.com.ar\/sitio\/despidos-en-la-planta-de-donto-en-baradero\/","title":{"rendered":"Despidos en la planta de Donto en Baradero"},"content":{"rendered":"<p><!-- VideographyWP Plugin Message: Automatic video embedding prevented by plugin options. --><br \/>\nEste lunes varios trabajadores de la empresa Donto S.A. fueron despedidos. Felipe Barrios, delegado de los Curtidores de nuestra ciudad cont\u00f3 los detalles en 105.7 Tu Radio.<\/p>\n<p>En total son cinco los trabajadores que perdieron su fuente laboral.  \u201cCuatro de ellos, comenzaban hoy sus vacaciones\u201d dijo Barrios.<\/p>\n<p>Seg\u00fan lo que la empresa manifest\u00f3 al delegado, \u201chabr\u00edan tomado esta decisi\u00f3n debido a que dos responsables hablaron de falta de respeto\u201d seg\u00fan lo manifestado por Barrios.<\/p>\n<p>El delegado de curtidores afirmo que varios de los trabajadores despedidos tienen a\u00f1os de antig\u00fcedad en la empresa.<\/p>\n<p>Por otra parte, Barrios explic\u00f3 que esta ma\u00f1ana realizaron una asamblea junto a los trabajadores y que presentar\u00e1n una denuncia ante el Ministerio de Trabajo. Aunque expres\u00f3 que \u201cle importa un bledo al Ministerio y a este gobierno la situaci\u00f3n laboral\u201d. (Tu L\u00ednea Directa)<\/p>\n","protected":false},"excerpt":{"rendered":"<p>Este lunes varios trabajadores de la empresa Donto S.A. fueron despedidos. Felipe Barrios, delegado de los Curtidores de nuestra ciudad cont\u00f3 los detalles en 105.7 Tu Radio. En total son cinco los trabajadores que perdieron su fuente laboral. \u201cCuatro de ellos, comenzaban hoy sus vacaciones\u201d dijo Barrios. Seg\u00fan lo que la empresa manifest\u00f3 al delegado, [&hellip;]<\/p>\n","protected":false},"author":4,"featured_media":13897,"comment_status":"open","ping_status":"closed","sticky":false,"template":"","format":"standard","meta":{"om_disable_all_campaigns":false,"_jetpack_memberships_contains_paid_content":false,"footnotes":""},"categories":[621],"tags":[],"class_list":["post-13895","post","type-post","status-publish","format-standard","has-post-thumbnail","hentry","category-regionales"],"aioseo_notices":[],"gutentor_comment":0,"jetpack_featured_media_url":"https:\/\/eldiariodesanpedro.com.ar\/sitio\/wp-content\/uploads\/2017\/02\/La-planta-de-Donto-en-Baradero.jpg","jetpack_shortlink":"https:\/\/wp.me\/p6RhLt-3C7","jetpack_sharing_enabled":true,"_links":{"self":[{"href":"https:\/\/eldiariodesanpedro.com.ar\/sitio\/wp-json\/wp\/v2\/posts\/13895","targetHints":{"allow":["GET"]}}],"collection":[{"href":"https:\/\/eldiariodesanpedro.com.ar\/sitio\/wp-json\/wp\/v2\/posts"}],"about":[{"href":"https:\/\/eldiariodesanpedro.com.ar\/sitio\/wp-json\/wp\/v2\/types\/post"}],"author":[{"embeddable":true,"href":"https:\/\/eldiariodesanpedro.com.ar\/sitio\/wp-json\/wp\/v2\/users\/4"}],"replies":[{"embeddable":true,"href":"https:\/\/eldiariodesanpedro.com.ar\/sitio\/wp-json\/wp\/v2\/comments?post=13895"}],"version-history":[{"count":1,"href":"https:\/\/eldiariodesanpedro.com.ar\/sitio\/wp-json\/wp\/v2\/posts\/13895\/revisions"}],"predecessor-version":[{"id":13898,"href":"https:\/\/eldiariodesanpedro.com.ar\/sitio\/wp-json\/wp\/v2\/posts\/13895\/revisions\/13898"}],"wp:featuredmedia":[{"embeddable":true,"href":"https:\/\/eldiariodesanpedro.com.ar\/sitio\/wp-json\/wp\/v2\/media\/13897"}],"wp:attachment":[{"href":"https:\/\/eldiariodesanpedro.com.ar\/sitio\/wp-json\/wp\/v2\/media?parent=13895"}],"wp:term":[{"taxonomy":"category","embeddable":true,"href":"https:\/\/eldiariodesanpedro.com.ar\/sitio\/wp-json\/wp\/v2\/categories?post=13895"},{"taxonomy":"post_tag","embeddable":true,"href":"https:\/\/eldiariodesanpedro.com.ar\/sitio\/wp-json\/wp\/v2\/tags?post=13895"}],"curies":[{"name":"wp","href":"https:\/\/api.w.org\/{rel}","templated":true}]}}