{"id":13893,"date":"2017-02-01T20:20:22","date_gmt":"2017-02-01T23:20:22","guid":{"rendered":"https:\/\/eldiariodesanpedro.com.ar\/sitio\/?p=13893"},"modified":"2017-02-01T20:20:22","modified_gmt":"2017-02-01T23:20:22","slug":"reparon-un-cano-de-agua-madre-que-sufria-una-importante-perdida","status":"publish","type":"post","link":"https:\/\/eldiariodesanpedro.com.ar\/sitio\/reparon-un-cano-de-agua-madre-que-sufria-una-importante-perdida\/","title":{"rendered":"Reparon un ca\u00f1o de agua madre que sufr\u00eda una importante p\u00e9rdida"},"content":{"rendered":"<p><!-- VideographyWP Plugin Message: Automatic video embedding prevented by plugin options. --><br \/>\nUn equipo de la Direcci\u00f3n de Servicios Sanitarios, trabaj\u00f3 hoy en la zona de la ex depuradora por una importante perdida de agua de un ca\u00f1o maestro que se encuentra en ese lugar.<\/p>\n<p>Para ello se debieron detener tres bombas para poder realizar las tareas. Es por ello que algunas zona de la ciudad se vieron afectadas por una disminuci\u00f3n del servicio de agua que abastecen al sector, mientras se realizaba la reparaci\u00f3n. Se trat\u00f3, m\u00e1s precisamente, del per\u00edmetro de Av Sarmiento, costanera, 3 de Febrero y el camino que pasa por detr\u00e1s del cementerio municipal.<\/p>\n","protected":false},"excerpt":{"rendered":"<p>Un equipo de la Direcci\u00f3n de Servicios Sanitarios, trabaj\u00f3 hoy en la zona de la ex depuradora por una importante perdida de agua de un ca\u00f1o maestro que se encuentra en ese lugar. Para ello se debieron detener tres bombas para poder realizar las tareas. Es por ello que algunas zona de la ciudad se [&hellip;]<\/p>\n","protected":false},"author":4,"featured_media":4495,"comment_status":"open","ping_status":"closed","sticky":false,"template":"","format":"standard","meta":{"om_disable_all_campaigns":false,"_jetpack_memberships_contains_paid_content":false,"footnotes":""},"categories":[101,2],"tags":[],"class_list":["post-13893","post","type-post","status-publish","format-standard","has-post-thumbnail","hentry","category-interes-general-locales","category-locales"],"aioseo_notices":[],"gutentor_comment":0,"jetpack_featured_media_url":"https:\/\/eldiariodesanpedro.com.ar\/sitio\/wp-content\/uploads\/2016\/05\/Municipalidad.jpg","jetpack_shortlink":"https:\/\/wp.me\/p6RhLt-3C5","jetpack_sharing_enabled":true,"_links":{"self":[{"href":"https:\/\/eldiariodesanpedro.com.ar\/sitio\/wp-json\/wp\/v2\/posts\/13893","targetHints":{"allow":["GET"]}}],"collection":[{"href":"https:\/\/eldiariodesanpedro.com.ar\/sitio\/wp-json\/wp\/v2\/posts"}],"about":[{"href":"https:\/\/eldiariodesanpedro.com.ar\/sitio\/wp-json\/wp\/v2\/types\/post"}],"author":[{"embeddable":true,"href":"https:\/\/eldiariodesanpedro.com.ar\/sitio\/wp-json\/wp\/v2\/users\/4"}],"replies":[{"embeddable":true,"href":"https:\/\/eldiariodesanpedro.com.ar\/sitio\/wp-json\/wp\/v2\/comments?post=13893"}],"version-history":[{"count":1,"href":"https:\/\/eldiariodesanpedro.com.ar\/sitio\/wp-json\/wp\/v2\/posts\/13893\/revisions"}],"predecessor-version":[{"id":13894,"href":"https:\/\/eldiariodesanpedro.com.ar\/sitio\/wp-json\/wp\/v2\/posts\/13893\/revisions\/13894"}],"wp:featuredmedia":[{"embeddable":true,"href":"https:\/\/eldiariodesanpedro.com.ar\/sitio\/wp-json\/wp\/v2\/media\/4495"}],"wp:attachment":[{"href":"https:\/\/eldiariodesanpedro.com.ar\/sitio\/wp-json\/wp\/v2\/media?parent=13893"}],"wp:term":[{"taxonomy":"category","embeddable":true,"href":"https:\/\/eldiariodesanpedro.com.ar\/sitio\/wp-json\/wp\/v2\/categories?post=13893"},{"taxonomy":"post_tag","embeddable":true,"href":"https:\/\/eldiariodesanpedro.com.ar\/sitio\/wp-json\/wp\/v2\/tags?post=13893"}],"curies":[{"name":"wp","href":"https:\/\/api.w.org\/{rel}","templated":true}]}}