{"id":13890,"date":"2017-02-01T20:12:59","date_gmt":"2017-02-01T23:12:59","guid":{"rendered":"https:\/\/eldiariodesanpedro.com.ar\/sitio\/?p=13890"},"modified":"2017-02-01T20:12:59","modified_gmt":"2017-02-01T23:12:59","slug":"licitacion-los-vehiculos-municipales-tendran-equipos-de-vigia-y-gps","status":"publish","type":"post","link":"https:\/\/eldiariodesanpedro.com.ar\/sitio\/licitacion-los-vehiculos-municipales-tendran-equipos-de-vigia-y-gps\/","title":{"rendered":"Licitaci\u00f3n: Los veh\u00edculos municipales tendr\u00e1n equipos de Vig\u00eda y GPS"},"content":{"rendered":"<p><!-- VideographyWP Plugin Message: Automatic video embedding prevented by plugin options. --><br \/>\nLa iniciativa tiene como objetivo, el cuidado de los rodados pertenecientes al estado local y adem\u00e1s se podr\u00e1 hacer un seguimientos de donde se encuentran las 24 hs.<\/p>\n<p>\u201cEl Municipio abri\u00f3 la licitaci\u00f3n, se presentaron tres oferentes para la adquisici\u00f3n de equipos de Vig\u00eda para todos los veh\u00edculos municipales, 94 veh\u00edculos en total y tambi\u00e9n por un sistema de GPS, que es de seguimiento satelital\u201d, expres\u00f3 sobre ello el Secretario de Econom\u00eda y Hacienda Mario S\u00e1nchez Negrete. <\/p>\n<p>Luego explic\u00f3: Eso va a permitir, adem\u00e1s del control que esa tecnolog\u00eda ayuda, que los motores de los equipos viales y automotores est\u00e9n protegidos frente a la falta de aceite, agua o alg\u00fan inconveniente para el motor, protegi\u00e9ndolo y eso hace que el municipio tenga un mejor cuidado de los veh\u00edculos\u201d. <\/p>\n<p>Sobre la funci\u00f3n de este sistema, se\u00f1al\u00f3: \u201cGenera reportes y permitir\u00e1 obtener informaci\u00f3n sobre movimientos no deseados o saber donde est\u00e1 un veh\u00edculo si se rompe. Hay una propuesta que viene de la mano del Vig\u00eda, que hay que analizarlos t\u00e9cnicamente, pero cada vez que se rompe el motor genera un reporte de alarma y eso permite r\u00e1pidamente estar auxiliando ese veh\u00edculo que pudo haberse quedado roto en el campo por ejemplo y permitir\u00e1 un r\u00e1pido auxilio\u201d.<\/p>\n<p>\u201cSon mejoras tecnol\u00f3gicas que van a ayudar a los empleados que vienen reclamando hace mucho tiempo, mejoras en equipos y en la media de las posibilidades los vamos a ir adquiriendo\u201d, opin\u00f3. <\/p>\n","protected":false},"excerpt":{"rendered":"<p>La iniciativa tiene como objetivo, el cuidado de los rodados pertenecientes al estado local y adem\u00e1s se podr\u00e1 hacer un seguimientos de donde se encuentran las 24 hs. \u201cEl Municipio abri\u00f3 la licitaci\u00f3n, se presentaron tres oferentes para la adquisici\u00f3n de equipos de Vig\u00eda para todos los veh\u00edculos municipales, 94 veh\u00edculos en total y tambi\u00e9n [&hellip;]<\/p>\n","protected":false},"author":4,"featured_media":13891,"comment_status":"open","ping_status":"closed","sticky":false,"template":"","format":"standard","meta":{"om_disable_all_campaigns":false,"_jetpack_memberships_contains_paid_content":false,"footnotes":""},"categories":[2,102],"tags":[],"class_list":["post-13890","post","type-post","status-publish","format-standard","has-post-thumbnail","hentry","category-locales","category-politica-locales"],"aioseo_notices":[],"gutentor_comment":0,"jetpack_featured_media_url":"https:\/\/eldiariodesanpedro.com.ar\/sitio\/wp-content\/uploads\/2017\/02\/car-gps-system-1.jpg","jetpack_shortlink":"https:\/\/wp.me\/p6RhLt-3C2","jetpack_sharing_enabled":true,"_links":{"self":[{"href":"https:\/\/eldiariodesanpedro.com.ar\/sitio\/wp-json\/wp\/v2\/posts\/13890","targetHints":{"allow":["GET"]}}],"collection":[{"href":"https:\/\/eldiariodesanpedro.com.ar\/sitio\/wp-json\/wp\/v2\/posts"}],"about":[{"href":"https:\/\/eldiariodesanpedro.com.ar\/sitio\/wp-json\/wp\/v2\/types\/post"}],"author":[{"embeddable":true,"href":"https:\/\/eldiariodesanpedro.com.ar\/sitio\/wp-json\/wp\/v2\/users\/4"}],"replies":[{"embeddable":true,"href":"https:\/\/eldiariodesanpedro.com.ar\/sitio\/wp-json\/wp\/v2\/comments?post=13890"}],"version-history":[{"count":1,"href":"https:\/\/eldiariodesanpedro.com.ar\/sitio\/wp-json\/wp\/v2\/posts\/13890\/revisions"}],"predecessor-version":[{"id":13892,"href":"https:\/\/eldiariodesanpedro.com.ar\/sitio\/wp-json\/wp\/v2\/posts\/13890\/revisions\/13892"}],"wp:featuredmedia":[{"embeddable":true,"href":"https:\/\/eldiariodesanpedro.com.ar\/sitio\/wp-json\/wp\/v2\/media\/13891"}],"wp:attachment":[{"href":"https:\/\/eldiariodesanpedro.com.ar\/sitio\/wp-json\/wp\/v2\/media?parent=13890"}],"wp:term":[{"taxonomy":"category","embeddable":true,"href":"https:\/\/eldiariodesanpedro.com.ar\/sitio\/wp-json\/wp\/v2\/categories?post=13890"},{"taxonomy":"post_tag","embeddable":true,"href":"https:\/\/eldiariodesanpedro.com.ar\/sitio\/wp-json\/wp\/v2\/tags?post=13890"}],"curies":[{"name":"wp","href":"https:\/\/api.w.org\/{rel}","templated":true}]}}