{"id":13887,"date":"2017-02-01T20:06:43","date_gmt":"2017-02-01T23:06:43","guid":{"rendered":"https:\/\/eldiariodesanpedro.com.ar\/sitio\/?p=13887"},"modified":"2017-02-01T20:06:43","modified_gmt":"2017-02-01T23:06:43","slug":"el-municipio-compro-dos-nuevas-maquinas-para-fumigar","status":"publish","type":"post","link":"https:\/\/eldiariodesanpedro.com.ar\/sitio\/el-municipio-compro-dos-nuevas-maquinas-para-fumigar\/","title":{"rendered":"El Municipio compr\u00f3 dos nuevas m\u00e1quinas para fumigar"},"content":{"rendered":"<p><!-- VideographyWP Plugin Message: Automatic video embedding prevented by plugin options. --><br \/>\nFue solicitado por la Direcci\u00f3n de Bromatolog\u00eda como consecuencia que el departamento ten\u00eda una m\u00e1quina que hab\u00eda sido prestado por el gobierno de la Provincia de Buenos Aires y que hab\u00eda sido requerida tiempo atr\u00e1s.<\/p>\n<p>\u201cLa licitaci\u00f3n se hizo el martes pasado, se hab\u00edan presentado dos ofertas\u201d, explic\u00f3 el Secretario de Econom\u00eda y Hacienda Mario S\u00e1nchez Negrete y en ese sentido agreg\u00f3: \u201cYa se adquirieron, una grande termonebulizadora y otra port\u00e1til, la idea es reemplazar esa m\u00e1quina que ten\u00edamos prestada por la provincia y que fue solicitada para su devoluci\u00f3n\u201d. <\/p>\n<p>\u201cSe esta\u0144 entregando en estos d\u00edas ya\u201d, dijo el funcionario y se\u00f1al\u00f3: \u201cEso va a permitir hacer la fumigaci\u00f3n con mucha m\u00e1s capacidad de lo que se viene haciendo hasta ahora\u201d. \u201cEs una m\u00e1quina que se puede colocar arriba de una camioneta o de otro veh\u00edculo, en el caso de la isla y por la fuerza que tiene permite fumigar grandes extensiones\u201d<br \/>\nAdem\u00e1s sostuvo que permitir\u00e1 trabajar con eficiencia \u201cen el per\u00edmetro de la ciudad y la zona de la costa porque es donde se concentra la mayor cantidad mosquitos\u201d.<\/p>\n<p>Por \u00faltimo, en referencia al costo de ese equipo, dijo: \u201cLa m\u00e1quina grande anduvo alrededor de 140 mil pesos\u201d. <\/p>\n","protected":false},"excerpt":{"rendered":"<p>Fue solicitado por la Direcci\u00f3n de Bromatolog\u00eda como consecuencia que el departamento ten\u00eda una m\u00e1quina que hab\u00eda sido prestado por el gobierno de la Provincia de Buenos Aires y que hab\u00eda sido requerida tiempo atr\u00e1s. \u201cLa licitaci\u00f3n se hizo el martes pasado, se hab\u00edan presentado dos ofertas\u201d, explic\u00f3 el Secretario de Econom\u00eda y Hacienda Mario [&hellip;]<\/p>\n","protected":false},"author":4,"featured_media":13888,"comment_status":"open","ping_status":"closed","sticky":false,"template":"","format":"standard","meta":{"om_disable_all_campaigns":false,"_jetpack_memberships_contains_paid_content":false,"footnotes":""},"categories":[2,102],"tags":[],"class_list":["post-13887","post","type-post","status-publish","format-standard","has-post-thumbnail","hentry","category-locales","category-politica-locales"],"aioseo_notices":[],"gutentor_comment":0,"jetpack_featured_media_url":"https:\/\/eldiariodesanpedro.com.ar\/sitio\/wp-content\/uploads\/2017\/02\/Los-equipos-ser\u00e1n-entregados-en-los-pr\u00f3ximos-d\u00edas.jpg","jetpack_shortlink":"https:\/\/wp.me\/p6RhLt-3BZ","jetpack_sharing_enabled":true,"_links":{"self":[{"href":"https:\/\/eldiariodesanpedro.com.ar\/sitio\/wp-json\/wp\/v2\/posts\/13887","targetHints":{"allow":["GET"]}}],"collection":[{"href":"https:\/\/eldiariodesanpedro.com.ar\/sitio\/wp-json\/wp\/v2\/posts"}],"about":[{"href":"https:\/\/eldiariodesanpedro.com.ar\/sitio\/wp-json\/wp\/v2\/types\/post"}],"author":[{"embeddable":true,"href":"https:\/\/eldiariodesanpedro.com.ar\/sitio\/wp-json\/wp\/v2\/users\/4"}],"replies":[{"embeddable":true,"href":"https:\/\/eldiariodesanpedro.com.ar\/sitio\/wp-json\/wp\/v2\/comments?post=13887"}],"version-history":[{"count":1,"href":"https:\/\/eldiariodesanpedro.com.ar\/sitio\/wp-json\/wp\/v2\/posts\/13887\/revisions"}],"predecessor-version":[{"id":13889,"href":"https:\/\/eldiariodesanpedro.com.ar\/sitio\/wp-json\/wp\/v2\/posts\/13887\/revisions\/13889"}],"wp:featuredmedia":[{"embeddable":true,"href":"https:\/\/eldiariodesanpedro.com.ar\/sitio\/wp-json\/wp\/v2\/media\/13888"}],"wp:attachment":[{"href":"https:\/\/eldiariodesanpedro.com.ar\/sitio\/wp-json\/wp\/v2\/media?parent=13887"}],"wp:term":[{"taxonomy":"category","embeddable":true,"href":"https:\/\/eldiariodesanpedro.com.ar\/sitio\/wp-json\/wp\/v2\/categories?post=13887"},{"taxonomy":"post_tag","embeddable":true,"href":"https:\/\/eldiariodesanpedro.com.ar\/sitio\/wp-json\/wp\/v2\/tags?post=13887"}],"curies":[{"name":"wp","href":"https:\/\/api.w.org\/{rel}","templated":true}]}}