{"id":13885,"date":"2017-02-01T20:02:05","date_gmt":"2017-02-01T23:02:05","guid":{"rendered":"https:\/\/eldiariodesanpedro.com.ar\/sitio\/?p=13885"},"modified":"2017-02-01T20:02:05","modified_gmt":"2017-02-01T23:02:05","slug":"cambio-de-obra-social-para-jubilados-y-pensionados-2","status":"publish","type":"post","link":"https:\/\/eldiariodesanpedro.com.ar\/sitio\/cambio-de-obra-social-para-jubilados-y-pensionados-2\/","title":{"rendered":"Cambio de Obra Social para jubilados y pensionados"},"content":{"rendered":"<p><!-- VideographyWP Plugin Message: Automatic video embedding prevented by plugin options. --><br \/>\nLa ANSES recuerda que, si la Obra Social asignada es PAMI, al percibir su primer haber el titular podr\u00e1 optar por otra Obra Social que figure en el listado disponible en todas las delegaciones del organismo y en Internet. <\/p>\n<p>El cambio se puede realizar en cualquier oficina de atenci\u00f3n del organismo previsional o ante la Obra Social, una vez por a\u00f1o. La opci\u00f3n puede efectuarla un tercero, con la firma del titular certificada por autoridad competente (judicial, notarial y policial), autoridad bancaria (en caso de titulares que tengan su firma registrada), consular (en caso de argentinos residentes en el extranjero), o director de hospital, cl\u00ednica o sanatorio (en caso de titulares internados).<\/p>\n<p>Una vez realizado el cambio, el jubilado o pensionado recibir\u00e1 la cobertura a partir del primer d\u00eda del tercer mes; la fecha de vigencia constar\u00e1 en el CODEM que ser\u00e1 entregado por la ANSES para ser presentado ante la Obra Social elegida.<\/p>\n<p>Para saber que documentaci\u00f3n se debe presentar, los interesados podr\u00e1n consultar en www.anses.gob.ar o llamar al tel\u00e9fono gratuito 130. <\/p>\n<p><strong>Grupos de pago para ma\u00f1ana<\/strong><br \/>\nTitulares de Pensiones No Contributivas cuyos documentos finalizan en 2 y 3.<br \/>\nTitulares de la Prestaci\u00f3n por Desempleo -Plan 2 y 3 Enero- todas las terminaciones de documento.<br \/>\nLos calendarios de pagos de todas las prestaciones pueden consultarse en www.anses.gob.ar. <\/p>\n","protected":false},"excerpt":{"rendered":"<p>La ANSES recuerda que, si la Obra Social asignada es PAMI, al percibir su primer haber el titular podr\u00e1 optar por otra Obra Social que figure en el listado disponible en todas las delegaciones del organismo y en Internet. El cambio se puede realizar en cualquier oficina de atenci\u00f3n del organismo previsional o ante la [&hellip;]<\/p>\n","protected":false},"author":4,"featured_media":3392,"comment_status":"open","ping_status":"closed","sticky":false,"template":"","format":"standard","meta":{"om_disable_all_campaigns":false,"_jetpack_memberships_contains_paid_content":false,"footnotes":""},"categories":[101,2],"tags":[],"class_list":["post-13885","post","type-post","status-publish","format-standard","has-post-thumbnail","hentry","category-interes-general-locales","category-locales"],"aioseo_notices":[],"gutentor_comment":0,"jetpack_featured_media_url":"https:\/\/eldiariodesanpedro.com.ar\/sitio\/wp-content\/uploads\/2016\/04\/MAT7-ANSES2.jpg","jetpack_shortlink":"https:\/\/wp.me\/p6RhLt-3BX","jetpack_sharing_enabled":true,"_links":{"self":[{"href":"https:\/\/eldiariodesanpedro.com.ar\/sitio\/wp-json\/wp\/v2\/posts\/13885","targetHints":{"allow":["GET"]}}],"collection":[{"href":"https:\/\/eldiariodesanpedro.com.ar\/sitio\/wp-json\/wp\/v2\/posts"}],"about":[{"href":"https:\/\/eldiariodesanpedro.com.ar\/sitio\/wp-json\/wp\/v2\/types\/post"}],"author":[{"embeddable":true,"href":"https:\/\/eldiariodesanpedro.com.ar\/sitio\/wp-json\/wp\/v2\/users\/4"}],"replies":[{"embeddable":true,"href":"https:\/\/eldiariodesanpedro.com.ar\/sitio\/wp-json\/wp\/v2\/comments?post=13885"}],"version-history":[{"count":1,"href":"https:\/\/eldiariodesanpedro.com.ar\/sitio\/wp-json\/wp\/v2\/posts\/13885\/revisions"}],"predecessor-version":[{"id":13886,"href":"https:\/\/eldiariodesanpedro.com.ar\/sitio\/wp-json\/wp\/v2\/posts\/13885\/revisions\/13886"}],"wp:featuredmedia":[{"embeddable":true,"href":"https:\/\/eldiariodesanpedro.com.ar\/sitio\/wp-json\/wp\/v2\/media\/3392"}],"wp:attachment":[{"href":"https:\/\/eldiariodesanpedro.com.ar\/sitio\/wp-json\/wp\/v2\/media?parent=13885"}],"wp:term":[{"taxonomy":"category","embeddable":true,"href":"https:\/\/eldiariodesanpedro.com.ar\/sitio\/wp-json\/wp\/v2\/categories?post=13885"},{"taxonomy":"post_tag","embeddable":true,"href":"https:\/\/eldiariodesanpedro.com.ar\/sitio\/wp-json\/wp\/v2\/tags?post=13885"}],"curies":[{"name":"wp","href":"https:\/\/api.w.org\/{rel}","templated":true}]}}