{"id":13882,"date":"2017-02-01T20:00:04","date_gmt":"2017-02-01T23:00:04","guid":{"rendered":"https:\/\/eldiariodesanpedro.com.ar\/sitio\/?p=13882"},"modified":"2017-02-01T20:00:04","modified_gmt":"2017-02-01T23:00:04","slug":"las-cuadrillas-de-coopser-estan-trabajando-en-diferentes-zonas-de-la-ciudad-y-el-partido","status":"publish","type":"post","link":"https:\/\/eldiariodesanpedro.com.ar\/sitio\/las-cuadrillas-de-coopser-estan-trabajando-en-diferentes-zonas-de-la-ciudad-y-el-partido\/","title":{"rendered":"Las cuadrillas de COOPSER est\u00e1n trabajando en diferentes zonas de la ciudad y el partido"},"content":{"rendered":"<p><!-- VideographyWP Plugin Message: Automatic video embedding prevented by plugin options. --><br \/>\nEn un proyecto sobre calle Fray Cayetano Rodr\u00edguez 355, R\u00edo Tala se realiza un cruce de calle a\u00e9reo en baja tensi\u00f3n monof\u00e1sico preensamblado por solicitud de un usuario y con un presupuesto de $ 3.500 aproximadamente. <\/p>\n<p>En un domicilio de la calle Cucit al 1300 se cumple con la restructuraci\u00f3n de cruce de calle a\u00e9reo en baja tensi\u00f3n de monof\u00e1sico preensamblado a trif\u00e1sico preensamblado, para atender una demanda de cinco beneficiarios y con un costo de $ 9.587.<\/p>\n<p>Se repara un seccionador en Saavedra 1245 y se cambian postes en redes de media tensi\u00f3n en la Derivaci\u00f3n Colegiales y la Derivaci\u00f3n Sposito Zona R\u00edo Tala.<\/p>\n<p>Para un proyecto en calle Lucio Mansilla 6500 comenz\u00f3 la valorizaci\u00f3n de materiales, mano de obra y equipos para extensi\u00f3n de l\u00ednea a\u00e9rea en baja tensi\u00f3n preensamblada trif\u00e1sica, con un presupuesto de aproximadamente 14.000 pesos. <\/p>\n<p>Finalmente en el proyecto ubicado en Callej\u00f3n Tulissi se efect\u00faa una extensi\u00f3n de red de baja tensi\u00f3n preensamblada trif\u00e1sica que beneficiar\u00e1 133 usuarios. El presupuesto estimado es de $ 59.300.<\/p>\n<p>Siguen como siempre otras obras anteriormente anunciadas en proyectos privados y p\u00fablicos. Adem\u00e1s se atienden los reclamos, las tareas de poda y las situaciones de emergencia producto de las contingencias clim\u00e1ticas.<\/p>\n","protected":false},"excerpt":{"rendered":"<p>En un proyecto sobre calle Fray Cayetano Rodr\u00edguez 355, R\u00edo Tala se realiza un cruce de calle a\u00e9reo en baja tensi\u00f3n monof\u00e1sico preensamblado por solicitud de un usuario y con un presupuesto de $ 3.500 aproximadamente. En un domicilio de la calle Cucit al 1300 se cumple con la restructuraci\u00f3n de cruce de calle a\u00e9reo [&hellip;]<\/p>\n","protected":false},"author":4,"featured_media":13883,"comment_status":"open","ping_status":"closed","sticky":false,"template":"","format":"standard","meta":{"om_disable_all_campaigns":false,"_jetpack_memberships_contains_paid_content":false,"footnotes":""},"categories":[101,2],"tags":[],"class_list":["post-13882","post","type-post","status-publish","format-standard","has-post-thumbnail","hentry","category-interes-general-locales","category-locales"],"aioseo_notices":[],"gutentor_comment":0,"jetpack_featured_media_url":"https:\/\/eldiariodesanpedro.com.ar\/sitio\/wp-content\/uploads\/2017\/02\/El-trabajo-de-una-de-las-cuadrillas-de-Coopser.jpg","jetpack_shortlink":"https:\/\/wp.me\/p6RhLt-3BU","jetpack_sharing_enabled":true,"_links":{"self":[{"href":"https:\/\/eldiariodesanpedro.com.ar\/sitio\/wp-json\/wp\/v2\/posts\/13882","targetHints":{"allow":["GET"]}}],"collection":[{"href":"https:\/\/eldiariodesanpedro.com.ar\/sitio\/wp-json\/wp\/v2\/posts"}],"about":[{"href":"https:\/\/eldiariodesanpedro.com.ar\/sitio\/wp-json\/wp\/v2\/types\/post"}],"author":[{"embeddable":true,"href":"https:\/\/eldiariodesanpedro.com.ar\/sitio\/wp-json\/wp\/v2\/users\/4"}],"replies":[{"embeddable":true,"href":"https:\/\/eldiariodesanpedro.com.ar\/sitio\/wp-json\/wp\/v2\/comments?post=13882"}],"version-history":[{"count":1,"href":"https:\/\/eldiariodesanpedro.com.ar\/sitio\/wp-json\/wp\/v2\/posts\/13882\/revisions"}],"predecessor-version":[{"id":13884,"href":"https:\/\/eldiariodesanpedro.com.ar\/sitio\/wp-json\/wp\/v2\/posts\/13882\/revisions\/13884"}],"wp:featuredmedia":[{"embeddable":true,"href":"https:\/\/eldiariodesanpedro.com.ar\/sitio\/wp-json\/wp\/v2\/media\/13883"}],"wp:attachment":[{"href":"https:\/\/eldiariodesanpedro.com.ar\/sitio\/wp-json\/wp\/v2\/media?parent=13882"}],"wp:term":[{"taxonomy":"category","embeddable":true,"href":"https:\/\/eldiariodesanpedro.com.ar\/sitio\/wp-json\/wp\/v2\/categories?post=13882"},{"taxonomy":"post_tag","embeddable":true,"href":"https:\/\/eldiariodesanpedro.com.ar\/sitio\/wp-json\/wp\/v2\/tags?post=13882"}],"curies":[{"name":"wp","href":"https:\/\/api.w.org\/{rel}","templated":true}]}}