{"id":13877,"date":"2017-02-01T10:49:32","date_gmt":"2017-02-01T13:49:32","guid":{"rendered":"https:\/\/eldiariodesanpedro.com.ar\/sitio\/?p=13877"},"modified":"2017-02-01T10:49:32","modified_gmt":"2017-02-01T13:49:32","slug":"empleo-joven-proyectos-con-empresas-yo-comercios","status":"publish","type":"post","link":"https:\/\/eldiariodesanpedro.com.ar\/sitio\/empleo-joven-proyectos-con-empresas-yo-comercios\/","title":{"rendered":"EMPLEO JOVEN: Proyectos con empresas y\/o comercios"},"content":{"rendered":"<p><!-- VideographyWP Plugin Message: Automatic video embedding prevented by plugin options. --><br \/>\nLas empresas, comercios, estudios de profesionales, instituciones, y ONG,  podr\u00e1n generar proyectos de pasant\u00edas o entrenamiento al trabajo para beneficiarios del Programa J\u00f3venes y del PROGRESAR, pertenecientes al Ministerio de Trabajo de Naci\u00f3n.<\/p>\n<p>El empleador permitir\u00e1 que el joven realice  pr\u00e1cticas laborales hasta 20 horas semanales, durante un per\u00edodo entre 3 meses y m\u00e1ximo de 6 meses.<\/p>\n<p>Las empresas y\/ o instituciones de ONG, contar\u00e1n con j\u00f3venes capacitados y el empleador tendr\u00e1 bajo su responsabilidad:<\/p>\n<p>Brindar capacitaci\u00f3n y entrenamiento laboral, al joven pasante<\/p>\n<p>Garantizar una cobertura de seguro de accidentes personales y de Plan M\u00e9dico Obligatorio para el pasante<\/p>\n<p>Los j\u00f3venes que realicen la pasant\u00eda, reciben una ayuda mensual por parte del Ministerio de Trabajo de Naci\u00f3n (por la tarjeta como beneficiario), o en forma conjunta con la empresa y\/o comercio encargada de la pr\u00e1ctica.<\/p>\n<p>Para participar, las empresas interesadas deben comunicarse con la Oficina de Empleo perteneciente a la Subsecretaria de Desarrollo Econ\u00f3mico de la Municipalidad de San Pedro, ubicada en Ayacucho 299 de lunes a viernes de 8.00 a 14.00 o v\u00eda mail oemunicipalidad@sanpedro.gov.ar.<\/p>\n","protected":false},"excerpt":{"rendered":"<p>Las empresas, comercios, estudios de profesionales, instituciones, y ONG, podr\u00e1n generar proyectos de pasant\u00edas o entrenamiento al trabajo para beneficiarios del Programa J\u00f3venes y del PROGRESAR, pertenecientes al Ministerio de Trabajo de Naci\u00f3n. El empleador permitir\u00e1 que el joven realice pr\u00e1cticas laborales hasta 20 horas semanales, durante un per\u00edodo entre 3 meses y m\u00e1ximo de [&hellip;]<\/p>\n","protected":false},"author":4,"featured_media":13878,"comment_status":"open","ping_status":"closed","sticky":false,"template":"","format":"standard","meta":{"om_disable_all_campaigns":false,"_jetpack_memberships_contains_paid_content":false,"footnotes":""},"categories":[101,2],"tags":[],"class_list":["post-13877","post","type-post","status-publish","format-standard","has-post-thumbnail","hentry","category-interes-general-locales","category-locales"],"aioseo_notices":[],"gutentor_comment":0,"jetpack_featured_media_url":"https:\/\/eldiariodesanpedro.com.ar\/sitio\/wp-content\/uploads\/2017\/02\/guia_empleo_joven_extranjero.jpg","jetpack_shortlink":"https:\/\/wp.me\/p6RhLt-3BP","jetpack_sharing_enabled":true,"_links":{"self":[{"href":"https:\/\/eldiariodesanpedro.com.ar\/sitio\/wp-json\/wp\/v2\/posts\/13877","targetHints":{"allow":["GET"]}}],"collection":[{"href":"https:\/\/eldiariodesanpedro.com.ar\/sitio\/wp-json\/wp\/v2\/posts"}],"about":[{"href":"https:\/\/eldiariodesanpedro.com.ar\/sitio\/wp-json\/wp\/v2\/types\/post"}],"author":[{"embeddable":true,"href":"https:\/\/eldiariodesanpedro.com.ar\/sitio\/wp-json\/wp\/v2\/users\/4"}],"replies":[{"embeddable":true,"href":"https:\/\/eldiariodesanpedro.com.ar\/sitio\/wp-json\/wp\/v2\/comments?post=13877"}],"version-history":[{"count":1,"href":"https:\/\/eldiariodesanpedro.com.ar\/sitio\/wp-json\/wp\/v2\/posts\/13877\/revisions"}],"predecessor-version":[{"id":13879,"href":"https:\/\/eldiariodesanpedro.com.ar\/sitio\/wp-json\/wp\/v2\/posts\/13877\/revisions\/13879"}],"wp:featuredmedia":[{"embeddable":true,"href":"https:\/\/eldiariodesanpedro.com.ar\/sitio\/wp-json\/wp\/v2\/media\/13878"}],"wp:attachment":[{"href":"https:\/\/eldiariodesanpedro.com.ar\/sitio\/wp-json\/wp\/v2\/media?parent=13877"}],"wp:term":[{"taxonomy":"category","embeddable":true,"href":"https:\/\/eldiariodesanpedro.com.ar\/sitio\/wp-json\/wp\/v2\/categories?post=13877"},{"taxonomy":"post_tag","embeddable":true,"href":"https:\/\/eldiariodesanpedro.com.ar\/sitio\/wp-json\/wp\/v2\/tags?post=13877"}],"curies":[{"name":"wp","href":"https:\/\/api.w.org\/{rel}","templated":true}]}}