{"id":13874,"date":"2017-02-01T10:44:20","date_gmt":"2017-02-01T13:44:20","guid":{"rendered":"https:\/\/eldiariodesanpedro.com.ar\/sitio\/?p=13874"},"modified":"2017-02-01T10:44:20","modified_gmt":"2017-02-01T13:44:20","slug":"un-auto-volco-en-la-ruta-9","status":"publish","type":"post","link":"https:\/\/eldiariodesanpedro.com.ar\/sitio\/un-auto-volco-en-la-ruta-9\/","title":{"rendered":"Un auto volc\u00f3 en la ruta 9"},"content":{"rendered":"<p><!-- VideographyWP Plugin Message: Automatic video embedding prevented by plugin options. --><br \/>\nEn la ma\u00f1ana de hoy alrededor de las 08:00 se produjo un accidente de transito en la Ruta Nacional 9 Km 176 se produjo el vuelco de un veh\u00edculo marca Fiat Cubo de color azul por motivos que se tratan de establecer el conductor de alrededor de 30 a\u00f1os perdi\u00f3 el control del rodado al tocar la banquina provocandol\u00e9 as\u00ed que el mismo comience a dar vuelcos. <\/p>\n<p>El conductor que vendr\u00eda desde General Rodriguez hacia la provincia de Santa fe, no sufri\u00f3 ning\u00fan tipo de herida.<\/p>\n","protected":false},"excerpt":{"rendered":"<p>En la ma\u00f1ana de hoy alrededor de las 08:00 se produjo un accidente de transito en la Ruta Nacional 9 Km 176 se produjo el vuelco de un veh\u00edculo marca Fiat Cubo de color azul por motivos que se tratan de establecer el conductor de alrededor de 30 a\u00f1os perdi\u00f3 el control del rodado al [&hellip;]<\/p>\n","protected":false},"author":4,"featured_media":13875,"comment_status":"open","ping_status":"closed","sticky":false,"template":"","format":"standard","meta":{"om_disable_all_campaigns":false,"_jetpack_memberships_contains_paid_content":false,"footnotes":""},"categories":[50,2,103],"tags":[],"class_list":["post-13874","post","type-post","status-publish","format-standard","has-post-thumbnail","hentry","category-destacadas","category-locales","category-policiales-locales"],"aioseo_notices":[],"gutentor_comment":0,"jetpack_featured_media_url":"https:\/\/eldiariodesanpedro.com.ar\/sitio\/wp-content\/uploads\/2017\/02\/accidente-1-e1485956628842.jpg","jetpack_shortlink":"https:\/\/wp.me\/p6RhLt-3BM","jetpack_sharing_enabled":true,"_links":{"self":[{"href":"https:\/\/eldiariodesanpedro.com.ar\/sitio\/wp-json\/wp\/v2\/posts\/13874","targetHints":{"allow":["GET"]}}],"collection":[{"href":"https:\/\/eldiariodesanpedro.com.ar\/sitio\/wp-json\/wp\/v2\/posts"}],"about":[{"href":"https:\/\/eldiariodesanpedro.com.ar\/sitio\/wp-json\/wp\/v2\/types\/post"}],"author":[{"embeddable":true,"href":"https:\/\/eldiariodesanpedro.com.ar\/sitio\/wp-json\/wp\/v2\/users\/4"}],"replies":[{"embeddable":true,"href":"https:\/\/eldiariodesanpedro.com.ar\/sitio\/wp-json\/wp\/v2\/comments?post=13874"}],"version-history":[{"count":1,"href":"https:\/\/eldiariodesanpedro.com.ar\/sitio\/wp-json\/wp\/v2\/posts\/13874\/revisions"}],"predecessor-version":[{"id":13876,"href":"https:\/\/eldiariodesanpedro.com.ar\/sitio\/wp-json\/wp\/v2\/posts\/13874\/revisions\/13876"}],"wp:featuredmedia":[{"embeddable":true,"href":"https:\/\/eldiariodesanpedro.com.ar\/sitio\/wp-json\/wp\/v2\/media\/13875"}],"wp:attachment":[{"href":"https:\/\/eldiariodesanpedro.com.ar\/sitio\/wp-json\/wp\/v2\/media?parent=13874"}],"wp:term":[{"taxonomy":"category","embeddable":true,"href":"https:\/\/eldiariodesanpedro.com.ar\/sitio\/wp-json\/wp\/v2\/categories?post=13874"},{"taxonomy":"post_tag","embeddable":true,"href":"https:\/\/eldiariodesanpedro.com.ar\/sitio\/wp-json\/wp\/v2\/tags?post=13874"}],"curies":[{"name":"wp","href":"https:\/\/api.w.org\/{rel}","templated":true}]}}