{"id":13859,"date":"2017-01-31T21:16:38","date_gmt":"2017-02-01T00:16:38","guid":{"rendered":"https:\/\/eldiariodesanpedro.com.ar\/sitio\/?p=13859"},"modified":"2017-01-31T21:16:38","modified_gmt":"2017-02-01T00:16:38","slug":"los-propietarios-de-magnifresh-s-a-se-reunieron-con-autoridades-municipales","status":"publish","type":"post","link":"https:\/\/eldiariodesanpedro.com.ar\/sitio\/los-propietarios-de-magnifresh-s-a-se-reunieron-con-autoridades-municipales\/","title":{"rendered":"Los propietarios de Magnifresh S.A. se reunieron con autoridades municipales"},"content":{"rendered":"<p><!-- VideographyWP Plugin Message: Automatic video embedding prevented by plugin options. --><br \/>\nEn relaci\u00f3n al incendio que afect\u00f3 el domingo a la planta de empaque de Alsina, la intendente municipal ya ha tomado contacto con el Ministerio de Trabajo, el de Agroindustria y con la empresa Magnifresh S.A.<\/p>\n<p>En la ma\u00f1ana del lunes, los propietarios de la empresa se reunieron con autoridades municipales y expresaron que adem\u00e1s del seguro necesitan m\u00e1s recursos econ\u00f3micos para levantar la planta, pero que lo van a hacer.<\/p>\n<p>Desde el municipio se pusieron a disposici\u00f3n y se est\u00e0n gestionando ante el Ministerio de Trabajo, recursos para las 60 familias que por un tiempo no tendr\u00e1n trabajo.<\/p>\n<p>Extraoficialmente, podemos decir que para mayo como m\u00e1ximo parte de la empaquetadora estar\u00e1 funcionando.<\/p>\n<p>Fernanda Antonijevic manifest\u00f3 sobre el siniestro: \u201cNuestra principal preocupaci\u00f3n es el mantenimiento de la fuente de trabajo, fundamental para la comunidad de Alsina, por lo que haremos todo lo que est\u00e9 a nuestro alcance para colaborar. Es importante actuar r\u00e1pidamente, para conocer, ante todo, las intenciones de Magnifesh S.A., ya que es una empresa privada. De nuestra parte, tendr\u00e1 todo el apoyo que de nosotros dependa, para continuar trabajando\u201d.<\/p>\n<p>BTI dialog\u00f3 brevemente con uno de los trabajadores, Hern\u00e1n Alejandro Gim\u00e9nez, quien cont\u00f3 c\u00f3mo est\u00e1n viviendo este dif\u00edcil momento y aclar\u00f3 que son 60 los trabajadores de Cauqu\u00e9n; \u201ctrabajo en esa empacadora de frutas desde el 2004 y trabajamos alrededor de 60 personas. En el momento del incendio nos avisan y vamos con cuatros compa\u00f1eros, llegamos a la planta y vemos el incendio imag\u00ednate ese momento ver que tu fuente de trabajo se prende fuego\u201d, dijo Hern\u00e1n en un breve dialogo, quien convoc\u00f3 a los otros empleados a una reuni\u00f3n con los due\u00f1os, que se realizar\u00e1 a las 16 hs en Cauqu\u00e9n. (Baradero Te Informa).<\/p>\n","protected":false},"excerpt":{"rendered":"<p>En relaci\u00f3n al incendio que afect\u00f3 el domingo a la planta de empaque de Alsina, la intendente municipal ya ha tomado contacto con el Ministerio de Trabajo, el de Agroindustria y con la empresa Magnifresh S.A. En la ma\u00f1ana del lunes, los propietarios de la empresa se reunieron con autoridades municipales y expresaron que adem\u00e1s [&hellip;]<\/p>\n","protected":false},"author":4,"featured_media":13860,"comment_status":"open","ping_status":"closed","sticky":false,"template":"","format":"standard","meta":{"om_disable_all_campaigns":false,"_jetpack_memberships_contains_paid_content":false,"footnotes":""},"categories":[621],"tags":[],"class_list":["post-13859","post","type-post","status-publish","format-standard","has-post-thumbnail","hentry","category-regionales"],"aioseo_notices":[],"gutentor_comment":0,"jetpack_featured_media_url":"https:\/\/eldiariodesanpedro.com.ar\/sitio\/wp-content\/uploads\/2017\/01\/Incendio-planta-empaque-Magnifresh.jpg","jetpack_shortlink":"https:\/\/wp.me\/p6RhLt-3Bx","jetpack_sharing_enabled":true,"_links":{"self":[{"href":"https:\/\/eldiariodesanpedro.com.ar\/sitio\/wp-json\/wp\/v2\/posts\/13859","targetHints":{"allow":["GET"]}}],"collection":[{"href":"https:\/\/eldiariodesanpedro.com.ar\/sitio\/wp-json\/wp\/v2\/posts"}],"about":[{"href":"https:\/\/eldiariodesanpedro.com.ar\/sitio\/wp-json\/wp\/v2\/types\/post"}],"author":[{"embeddable":true,"href":"https:\/\/eldiariodesanpedro.com.ar\/sitio\/wp-json\/wp\/v2\/users\/4"}],"replies":[{"embeddable":true,"href":"https:\/\/eldiariodesanpedro.com.ar\/sitio\/wp-json\/wp\/v2\/comments?post=13859"}],"version-history":[{"count":1,"href":"https:\/\/eldiariodesanpedro.com.ar\/sitio\/wp-json\/wp\/v2\/posts\/13859\/revisions"}],"predecessor-version":[{"id":13861,"href":"https:\/\/eldiariodesanpedro.com.ar\/sitio\/wp-json\/wp\/v2\/posts\/13859\/revisions\/13861"}],"wp:featuredmedia":[{"embeddable":true,"href":"https:\/\/eldiariodesanpedro.com.ar\/sitio\/wp-json\/wp\/v2\/media\/13860"}],"wp:attachment":[{"href":"https:\/\/eldiariodesanpedro.com.ar\/sitio\/wp-json\/wp\/v2\/media?parent=13859"}],"wp:term":[{"taxonomy":"category","embeddable":true,"href":"https:\/\/eldiariodesanpedro.com.ar\/sitio\/wp-json\/wp\/v2\/categories?post=13859"},{"taxonomy":"post_tag","embeddable":true,"href":"https:\/\/eldiariodesanpedro.com.ar\/sitio\/wp-json\/wp\/v2\/tags?post=13859"}],"curies":[{"name":"wp","href":"https:\/\/api.w.org\/{rel}","templated":true}]}}