{"id":138582,"date":"2025-03-26T15:43:01","date_gmt":"2025-03-26T18:43:01","guid":{"rendered":"https:\/\/eldiariodesanpedro.com.ar\/sitio\/?p=138582"},"modified":"2025-03-26T15:43:05","modified_gmt":"2025-03-26T18:43:05","slug":"edicto-de-prescripcion-adquisitiva-de-julio-domingo-cipollone","status":"publish","type":"post","link":"https:\/\/eldiariodesanpedro.com.ar\/sitio\/edicto-de-prescripcion-adquisitiva-de-julio-domingo-cipollone\/","title":{"rendered":"Edicto de Prescripci\u00f3n Adquisitiva de Julio Domingo Cipollone"},"content":{"rendered":"<!-- VideographyWP Plugin Message: Automatic video embedding prevented by plugin options. -->\n\n<p>Atento a lo expuesto y pedido, y al resultado del oficio adjunto precedentemente, c\u00edtese por edictos a los herederos de <strong>Julio Domingo Cipollone<\/strong>, que se publicar\u00e1n en el Bolet\u00edn Oficial y en el Diario \u00abEl Diario de San Pedro\u00bb de esta ciudad por el t\u00e9rmino de 2 d\u00edas (art. 681 y 341 del C.P.C.C.), para que comparezcan a estar a derecho y a contestar la demanda en el plazo de diez d\u00edas (proceso sumario), bajo apercibimiento de nombrar al Sr. Defensor de Pobres y Ausentes en turno para que los represente y defienda.- San Nicol\u00e1s de los Arroyos, 14 de Marzo de 2025.-<\/p>\n\n\n\n<p>JOS\u00c9 RICARDO ESEVERRI<br>JUEZ EN LO CIVIL Y COMERCIAL<br>(J) DPTO. JUDICIAL SAN NICOL\u00c1S<\/p>\n\n\n\n<p>(Publicaci\u00f3n V\u00e1lida para el d\u00edas 26 y 27 de marzo de 2025)<br><a href=\"https:\/\/notificaciones.scba.gov.ar\/interfazbootstrap\/textonotificacion.aspx?CodNotif=1LV63AW9\">https:\/\/notificaciones.scba.gov.ar\/interfazbootstrap\/textonotificacion.aspx?CodNotif=1LV63AW9<\/a>&nbsp;<\/p>\n","protected":false},"excerpt":{"rendered":"<p>Atento a lo expuesto y pedido, y al resultado del oficio adjunto precedentemente, c\u00edtese por edictos a los herederos de Julio Domingo Cipollone, que se publicar\u00e1n en el Bolet\u00edn Oficial y en el Diario \u00abEl Diario de San Pedro\u00bb de esta ciudad por el t\u00e9rmino de 2 d\u00edas (art. 681 y 341 del C.P.C.C.), para [&hellip;]<\/p>\n","protected":false},"author":4,"featured_media":102746,"comment_status":"closed","ping_status":"closed","sticky":false,"template":"","format":"standard","meta":{"om_disable_all_campaigns":false,"_jetpack_memberships_contains_paid_content":false,"footnotes":""},"categories":[676,1124],"tags":[],"class_list":["post-138582","post","type-post","status-publish","format-standard","has-post-thumbnail","hentry","category-edictos","category-edictos-especiales"],"aioseo_notices":[],"gutentor_comment":0,"jetpack_featured_media_url":"https:\/\/eldiariodesanpedro.com.ar\/sitio\/wp-content\/uploads\/2022\/01\/EDICTO.jpg","jetpack_shortlink":"https:\/\/wp.me\/p6RhLt-A3c","jetpack_sharing_enabled":true,"_links":{"self":[{"href":"https:\/\/eldiariodesanpedro.com.ar\/sitio\/wp-json\/wp\/v2\/posts\/138582","targetHints":{"allow":["GET"]}}],"collection":[{"href":"https:\/\/eldiariodesanpedro.com.ar\/sitio\/wp-json\/wp\/v2\/posts"}],"about":[{"href":"https:\/\/eldiariodesanpedro.com.ar\/sitio\/wp-json\/wp\/v2\/types\/post"}],"author":[{"embeddable":true,"href":"https:\/\/eldiariodesanpedro.com.ar\/sitio\/wp-json\/wp\/v2\/users\/4"}],"replies":[{"embeddable":true,"href":"https:\/\/eldiariodesanpedro.com.ar\/sitio\/wp-json\/wp\/v2\/comments?post=138582"}],"version-history":[{"count":1,"href":"https:\/\/eldiariodesanpedro.com.ar\/sitio\/wp-json\/wp\/v2\/posts\/138582\/revisions"}],"predecessor-version":[{"id":138583,"href":"https:\/\/eldiariodesanpedro.com.ar\/sitio\/wp-json\/wp\/v2\/posts\/138582\/revisions\/138583"}],"wp:featuredmedia":[{"embeddable":true,"href":"https:\/\/eldiariodesanpedro.com.ar\/sitio\/wp-json\/wp\/v2\/media\/102746"}],"wp:attachment":[{"href":"https:\/\/eldiariodesanpedro.com.ar\/sitio\/wp-json\/wp\/v2\/media?parent=138582"}],"wp:term":[{"taxonomy":"category","embeddable":true,"href":"https:\/\/eldiariodesanpedro.com.ar\/sitio\/wp-json\/wp\/v2\/categories?post=138582"},{"taxonomy":"post_tag","embeddable":true,"href":"https:\/\/eldiariodesanpedro.com.ar\/sitio\/wp-json\/wp\/v2\/tags?post=138582"}],"curies":[{"name":"wp","href":"https:\/\/api.w.org\/{rel}","templated":true}]}}