{"id":13852,"date":"2017-01-31T21:10:59","date_gmt":"2017-02-01T00:10:59","guid":{"rendered":"https:\/\/eldiariodesanpedro.com.ar\/sitio\/?p=13852"},"modified":"2017-01-31T21:10:59","modified_gmt":"2017-02-01T00:10:59","slug":"ramallo-tragico-accidente-en-el-km-192-de-la-ruta-9","status":"publish","type":"post","link":"https:\/\/eldiariodesanpedro.com.ar\/sitio\/ramallo-tragico-accidente-en-el-km-192-de-la-ruta-9\/","title":{"rendered":"RAMALLO: Tr\u00e1gico accidente en el Km. 192 de la Ruta 9"},"content":{"rendered":"<p><!-- VideographyWP Plugin Message: Automatic video embedding prevented by plugin options. --><br \/>\nEsta madrugada, alrededor de las 5 horas, una camioneta blanca impact\u00f3 contra la parte trasera de un cami\u00f3n, resultando dos personas muertas. Sucedi\u00f3 en la Ruta 9, sobre el kil\u00f3metro 192, carril Rosario-Buenos Aires.<\/p>\n<p>La camioneta blanca (Fiat) conducida por \u00c1ngel Eduardo D\u00edaz (68 a\u00f1os), quien iba acompa\u00f1ado por Mar\u00eda In\u00e9s Ribeira (54 a\u00f1os), colision\u00f3 con la parte trasera de un cami\u00f3n. Ambos tripulantes, oriundos de Caseros, fallecieron en el lugar del hecho como consecuencia del impacto.<\/p>\n<p>El conductor del rodado mayor, Guillermo Daniel Gonz\u00e1lez (59 a\u00f1os), present\u00f3 traumatismo en la rodilla derecha.<\/p>\n<p> Los cuerpos de los fallecidos fueron trasladados a la morgue de San Nicol\u00e1s con el fin de realizar las autopsias correspondientes. Mientras que ambos veh\u00edculos fueron trasladados a la sede policial con fines periciales. <\/p>\n","protected":false},"excerpt":{"rendered":"<p>Esta madrugada, alrededor de las 5 horas, una camioneta blanca impact\u00f3 contra la parte trasera de un cami\u00f3n, resultando dos personas muertas. Sucedi\u00f3 en la Ruta 9, sobre el kil\u00f3metro 192, carril Rosario-Buenos Aires. La camioneta blanca (Fiat) conducida por \u00c1ngel Eduardo D\u00edaz (68 a\u00f1os), quien iba acompa\u00f1ado por Mar\u00eda In\u00e9s Ribeira (54 a\u00f1os), colision\u00f3 [&hellip;]<\/p>\n","protected":false},"author":4,"featured_media":13853,"comment_status":"open","ping_status":"closed","sticky":false,"template":"","format":"standard","meta":{"om_disable_all_campaigns":false,"_jetpack_memberships_contains_paid_content":false,"footnotes":""},"categories":[50,621],"tags":[],"class_list":["post-13852","post","type-post","status-publish","format-standard","has-post-thumbnail","hentry","category-destacadas","category-regionales"],"aioseo_notices":[],"gutentor_comment":0,"jetpack_featured_media_url":"https:\/\/eldiariodesanpedro.com.ar\/sitio\/wp-content\/uploads\/2017\/01\/Fallecieron-dos-personas.jpg","jetpack_shortlink":"https:\/\/wp.me\/p6RhLt-3Bq","jetpack_sharing_enabled":true,"_links":{"self":[{"href":"https:\/\/eldiariodesanpedro.com.ar\/sitio\/wp-json\/wp\/v2\/posts\/13852","targetHints":{"allow":["GET"]}}],"collection":[{"href":"https:\/\/eldiariodesanpedro.com.ar\/sitio\/wp-json\/wp\/v2\/posts"}],"about":[{"href":"https:\/\/eldiariodesanpedro.com.ar\/sitio\/wp-json\/wp\/v2\/types\/post"}],"author":[{"embeddable":true,"href":"https:\/\/eldiariodesanpedro.com.ar\/sitio\/wp-json\/wp\/v2\/users\/4"}],"replies":[{"embeddable":true,"href":"https:\/\/eldiariodesanpedro.com.ar\/sitio\/wp-json\/wp\/v2\/comments?post=13852"}],"version-history":[{"count":1,"href":"https:\/\/eldiariodesanpedro.com.ar\/sitio\/wp-json\/wp\/v2\/posts\/13852\/revisions"}],"predecessor-version":[{"id":13856,"href":"https:\/\/eldiariodesanpedro.com.ar\/sitio\/wp-json\/wp\/v2\/posts\/13852\/revisions\/13856"}],"wp:featuredmedia":[{"embeddable":true,"href":"https:\/\/eldiariodesanpedro.com.ar\/sitio\/wp-json\/wp\/v2\/media\/13853"}],"wp:attachment":[{"href":"https:\/\/eldiariodesanpedro.com.ar\/sitio\/wp-json\/wp\/v2\/media?parent=13852"}],"wp:term":[{"taxonomy":"category","embeddable":true,"href":"https:\/\/eldiariodesanpedro.com.ar\/sitio\/wp-json\/wp\/v2\/categories?post=13852"},{"taxonomy":"post_tag","embeddable":true,"href":"https:\/\/eldiariodesanpedro.com.ar\/sitio\/wp-json\/wp\/v2\/tags?post=13852"}],"curies":[{"name":"wp","href":"https:\/\/api.w.org\/{rel}","templated":true}]}}