{"id":13845,"date":"2017-01-31T20:58:56","date_gmt":"2017-01-31T23:58:56","guid":{"rendered":"https:\/\/eldiariodesanpedro.com.ar\/sitio\/?p=13845"},"modified":"2026-01-24T00:39:12","modified_gmt":"2026-01-24T03:39:12","slug":"inscripcion-abierta-al-programa-jovenes-con-mas-y-mejor-trabajo","status":"publish","type":"post","link":"https:\/\/eldiariodesanpedro.com.ar\/sitio\/inscripcion-abierta-al-programa-jovenes-con-mas-y-mejor-trabajo\/","title":{"rendered":"Inscripci\u00f3n abierta al programa \u201cJ\u00f3venes con m\u00e1s y mejor trabajo\u201d"},"content":{"rendered":"<p><!-- VideographyWP Plugin Message: Automatic video embedding prevented by plugin options. --><br \/>\nLa subsecretar\u00eda de Desarrollo Econ\u00f3mico de la Municipalidad, a trav\u00e9s de la Oficina de Empleo ofrece programas sociales destinados a j\u00f3venes de entre 18 y 24 a\u00f1os que generan inserci\u00f3n laboral y formaci\u00f3n.<\/p>\n<p>A trav\u00e9s de este programa los j\u00f3venes tienen posibilidades de acceder a su primer empleo as\u00ed como capacitarse en cursos gratuitos de Formaci\u00f3n Profesional, realizar pr\u00e1cticas calificantes en ambientes de trabajo e iniciar un proyecto productivo de manera independiente.<\/p>\n<p>Los interesados pueden presentarse de lunes a viernes, de 8.00 a 14.00 en las Oficina de Empleo, ubicada en Ayacucho 299. Para m\u00e1s informaci\u00f3n comunicarse al 439850 o a trav\u00e9s de las redes sociales: Facebook Programa J\u00f3venes San Pedro-Bs. As.<\/p>\n","protected":false},"excerpt":{"rendered":"<p>La subsecretar\u00eda de Desarrollo Econ\u00f3mico de la Municipalidad, a trav\u00e9s de la Oficina de Empleo ofrece programas sociales destinados a j\u00f3venes de entre 18 y 24 a\u00f1os que generan inserci\u00f3n laboral y formaci\u00f3n. A trav\u00e9s de este programa los j\u00f3venes tienen posibilidades de acceder a su primer empleo as\u00ed como capacitarse en cursos gratuitos de [&hellip;]<\/p>\n","protected":false},"author":4,"featured_media":13846,"comment_status":"open","ping_status":"closed","sticky":false,"template":"","format":"standard","meta":{"om_disable_all_campaigns":false,"_jetpack_memberships_contains_paid_content":false,"footnotes":""},"categories":[2],"tags":[],"class_list":["post-13845","post","type-post","status-publish","format-standard","has-post-thumbnail","hentry","category-locales"],"aioseo_notices":[],"gutentor_comment":0,"jetpack_featured_media_url":"https:\/\/eldiariodesanpedro.com.ar\/sitio\/wp-content\/uploads\/2017\/01\/jovenes-trabajo.jpg","jetpack_shortlink":"https:\/\/wp.me\/p6RhLt-3Bj","jetpack_sharing_enabled":true,"_links":{"self":[{"href":"https:\/\/eldiariodesanpedro.com.ar\/sitio\/wp-json\/wp\/v2\/posts\/13845","targetHints":{"allow":["GET"]}}],"collection":[{"href":"https:\/\/eldiariodesanpedro.com.ar\/sitio\/wp-json\/wp\/v2\/posts"}],"about":[{"href":"https:\/\/eldiariodesanpedro.com.ar\/sitio\/wp-json\/wp\/v2\/types\/post"}],"author":[{"embeddable":true,"href":"https:\/\/eldiariodesanpedro.com.ar\/sitio\/wp-json\/wp\/v2\/users\/4"}],"replies":[{"embeddable":true,"href":"https:\/\/eldiariodesanpedro.com.ar\/sitio\/wp-json\/wp\/v2\/comments?post=13845"}],"version-history":[{"count":1,"href":"https:\/\/eldiariodesanpedro.com.ar\/sitio\/wp-json\/wp\/v2\/posts\/13845\/revisions"}],"predecessor-version":[{"id":13847,"href":"https:\/\/eldiariodesanpedro.com.ar\/sitio\/wp-json\/wp\/v2\/posts\/13845\/revisions\/13847"}],"wp:featuredmedia":[{"embeddable":true,"href":"https:\/\/eldiariodesanpedro.com.ar\/sitio\/wp-json\/wp\/v2\/media\/13846"}],"wp:attachment":[{"href":"https:\/\/eldiariodesanpedro.com.ar\/sitio\/wp-json\/wp\/v2\/media?parent=13845"}],"wp:term":[{"taxonomy":"category","embeddable":true,"href":"https:\/\/eldiariodesanpedro.com.ar\/sitio\/wp-json\/wp\/v2\/categories?post=13845"},{"taxonomy":"post_tag","embeddable":true,"href":"https:\/\/eldiariodesanpedro.com.ar\/sitio\/wp-json\/wp\/v2\/tags?post=13845"}],"curies":[{"name":"wp","href":"https:\/\/api.w.org\/{rel}","templated":true}]}}