{"id":13842,"date":"2017-01-31T20:37:49","date_gmt":"2017-01-31T23:37:49","guid":{"rendered":"https:\/\/eldiariodesanpedro.com.ar\/sitio\/?p=13842"},"modified":"2017-01-31T20:37:49","modified_gmt":"2017-01-31T23:37:49","slug":"inscripcion-y-reempadronamiento-municipal-para-los-transporte-de-hacienda-en-general","status":"publish","type":"post","link":"https:\/\/eldiariodesanpedro.com.ar\/sitio\/inscripcion-y-reempadronamiento-municipal-para-los-transporte-de-hacienda-en-general\/","title":{"rendered":"Inscripci\u00f3n y Reempadronamiento Municipal para los transporte de hacienda en general"},"content":{"rendered":"<p><!-- VideographyWP Plugin Message: Automatic video embedding prevented by plugin options. --><br \/>\nA trav\u00e9s de un comunicado la Municipalidad de San Pedro dio a conocer \u201ca los propietarios de transportes de haciendas generales, sean chasis, jaulas y\/o acoplados, que deber\u00e1n presentarse en la Oficina de Marcas y Gu\u00edas, sita en Mitre 1985, de lunes a viernes de 8.00 a 13.00, para inscribir o rempadronar los rodados\u201d.<\/p>\n<p>\u201cDe esa manera se obtendr\u00e1 el correspondiente n\u00famero de orden distrital. La medida se adopta respondiendo a lo establecido en el art\u00edculo 10\u00ba de la Ley 10.891\u201d, expresa la informaci\u00f3n a su vez.<\/p>\n","protected":false},"excerpt":{"rendered":"<p>A trav\u00e9s de un comunicado la Municipalidad de San Pedro dio a conocer \u201ca los propietarios de transportes de haciendas generales, sean chasis, jaulas y\/o acoplados, que deber\u00e1n presentarse en la Oficina de Marcas y Gu\u00edas, sita en Mitre 1985, de lunes a viernes de 8.00 a 13.00, para inscribir o rempadronar los rodados\u201d. \u201cDe [&hellip;]<\/p>\n","protected":false},"author":4,"featured_media":265,"comment_status":"open","ping_status":"closed","sticky":false,"template":"","format":"standard","meta":{"om_disable_all_campaigns":false,"_jetpack_memberships_contains_paid_content":false,"footnotes":""},"categories":[101,2],"tags":[],"class_list":["post-13842","post","type-post","status-publish","format-standard","has-post-thumbnail","hentry","category-interes-general-locales","category-locales"],"aioseo_notices":[],"gutentor_comment":0,"jetpack_featured_media_url":"https:\/\/eldiariodesanpedro.com.ar\/sitio\/wp-content\/uploads\/2015\/11\/Municipalidad-11.jpg","jetpack_shortlink":"https:\/\/wp.me\/p6RhLt-3Bg","jetpack_sharing_enabled":true,"_links":{"self":[{"href":"https:\/\/eldiariodesanpedro.com.ar\/sitio\/wp-json\/wp\/v2\/posts\/13842","targetHints":{"allow":["GET"]}}],"collection":[{"href":"https:\/\/eldiariodesanpedro.com.ar\/sitio\/wp-json\/wp\/v2\/posts"}],"about":[{"href":"https:\/\/eldiariodesanpedro.com.ar\/sitio\/wp-json\/wp\/v2\/types\/post"}],"author":[{"embeddable":true,"href":"https:\/\/eldiariodesanpedro.com.ar\/sitio\/wp-json\/wp\/v2\/users\/4"}],"replies":[{"embeddable":true,"href":"https:\/\/eldiariodesanpedro.com.ar\/sitio\/wp-json\/wp\/v2\/comments?post=13842"}],"version-history":[{"count":2,"href":"https:\/\/eldiariodesanpedro.com.ar\/sitio\/wp-json\/wp\/v2\/posts\/13842\/revisions"}],"predecessor-version":[{"id":13844,"href":"https:\/\/eldiariodesanpedro.com.ar\/sitio\/wp-json\/wp\/v2\/posts\/13842\/revisions\/13844"}],"wp:featuredmedia":[{"embeddable":true,"href":"https:\/\/eldiariodesanpedro.com.ar\/sitio\/wp-json\/wp\/v2\/media\/265"}],"wp:attachment":[{"href":"https:\/\/eldiariodesanpedro.com.ar\/sitio\/wp-json\/wp\/v2\/media?parent=13842"}],"wp:term":[{"taxonomy":"category","embeddable":true,"href":"https:\/\/eldiariodesanpedro.com.ar\/sitio\/wp-json\/wp\/v2\/categories?post=13842"},{"taxonomy":"post_tag","embeddable":true,"href":"https:\/\/eldiariodesanpedro.com.ar\/sitio\/wp-json\/wp\/v2\/tags?post=13842"}],"curies":[{"name":"wp","href":"https:\/\/api.w.org\/{rel}","templated":true}]}}