{"id":13839,"date":"2017-01-31T20:26:20","date_gmt":"2017-01-31T23:26:20","guid":{"rendered":"https:\/\/eldiariodesanpedro.com.ar\/sitio\/?p=13839"},"modified":"2017-01-31T20:26:20","modified_gmt":"2017-01-31T23:26:20","slug":"charla-sobre-nuevos-aspectos-legales-en-materia-de-delitos-viales","status":"publish","type":"post","link":"https:\/\/eldiariodesanpedro.com.ar\/sitio\/charla-sobre-nuevos-aspectos-legales-en-materia-de-delitos-viales\/","title":{"rendered":"\u201cCharla sobre nuevos aspectos legales en materia de delitos viales\u201d"},"content":{"rendered":"<p><!-- VideographyWP Plugin Message: Automatic video embedding prevented by plugin options. --><br \/>\nLa misma tendr\u00e1 lugar en el marco del \u201cCurso de reeducaci\u00f3n vial para el uso correcto de la v\u00eda p\u00fablica\u201d que brindar\u00e1 el Dr. Fabi\u00e1n Rodr\u00edguez, Juez de Faltas de San Pedro. El magistrado compartir\u00e1 su experiencia sobre el juzgamiento en materia de seguridad vial.<\/p>\n<p>El evento tendr\u00e1 lugar el pr\u00f3ximo 03 de Febrero de 2017 entre las 10 a 12 hs. y se desarrollar\u00e1 en el Aula de la  Subsecretar\u00eda de Faltas,Mitre 345 (Estaci\u00f3n Fluvial de Tigre).<\/p>\n","protected":false},"excerpt":{"rendered":"<p>La misma tendr\u00e1 lugar en el marco del \u201cCurso de reeducaci\u00f3n vial para el uso correcto de la v\u00eda p\u00fablica\u201d que brindar\u00e1 el Dr. Fabi\u00e1n Rodr\u00edguez, Juez de Faltas de San Pedro. El magistrado compartir\u00e1 su experiencia sobre el juzgamiento en materia de seguridad vial. El evento tendr\u00e1 lugar el pr\u00f3ximo 03 de Febrero de [&hellip;]<\/p>\n","protected":false},"author":4,"featured_media":13840,"comment_status":"open","ping_status":"closed","sticky":false,"template":"","format":"standard","meta":{"om_disable_all_campaigns":false,"_jetpack_memberships_contains_paid_content":false,"footnotes":""},"categories":[101,2],"tags":[],"class_list":["post-13839","post","type-post","status-publish","format-standard","has-post-thumbnail","hentry","category-interes-general-locales","category-locales"],"aioseo_notices":[],"gutentor_comment":0,"jetpack_featured_media_url":"https:\/\/eldiariodesanpedro.com.ar\/sitio\/wp-content\/uploads\/2017\/01\/Dr.-Fabi\u00e1n-Rodr\u00edguez-Juez-de-Faltas-local.jpg","jetpack_shortlink":"https:\/\/wp.me\/p6RhLt-3Bd","jetpack_sharing_enabled":true,"_links":{"self":[{"href":"https:\/\/eldiariodesanpedro.com.ar\/sitio\/wp-json\/wp\/v2\/posts\/13839","targetHints":{"allow":["GET"]}}],"collection":[{"href":"https:\/\/eldiariodesanpedro.com.ar\/sitio\/wp-json\/wp\/v2\/posts"}],"about":[{"href":"https:\/\/eldiariodesanpedro.com.ar\/sitio\/wp-json\/wp\/v2\/types\/post"}],"author":[{"embeddable":true,"href":"https:\/\/eldiariodesanpedro.com.ar\/sitio\/wp-json\/wp\/v2\/users\/4"}],"replies":[{"embeddable":true,"href":"https:\/\/eldiariodesanpedro.com.ar\/sitio\/wp-json\/wp\/v2\/comments?post=13839"}],"version-history":[{"count":1,"href":"https:\/\/eldiariodesanpedro.com.ar\/sitio\/wp-json\/wp\/v2\/posts\/13839\/revisions"}],"predecessor-version":[{"id":13841,"href":"https:\/\/eldiariodesanpedro.com.ar\/sitio\/wp-json\/wp\/v2\/posts\/13839\/revisions\/13841"}],"wp:featuredmedia":[{"embeddable":true,"href":"https:\/\/eldiariodesanpedro.com.ar\/sitio\/wp-json\/wp\/v2\/media\/13840"}],"wp:attachment":[{"href":"https:\/\/eldiariodesanpedro.com.ar\/sitio\/wp-json\/wp\/v2\/media?parent=13839"}],"wp:term":[{"taxonomy":"category","embeddable":true,"href":"https:\/\/eldiariodesanpedro.com.ar\/sitio\/wp-json\/wp\/v2\/categories?post=13839"},{"taxonomy":"post_tag","embeddable":true,"href":"https:\/\/eldiariodesanpedro.com.ar\/sitio\/wp-json\/wp\/v2\/tags?post=13839"}],"curies":[{"name":"wp","href":"https:\/\/api.w.org\/{rel}","templated":true}]}}