{"id":138372,"date":"2025-03-21T11:41:32","date_gmt":"2025-03-21T14:41:32","guid":{"rendered":"https:\/\/eldiariodesanpedro.com.ar\/sitio\/?p=138372"},"modified":"2025-03-21T11:41:36","modified_gmt":"2025-03-21T14:41:36","slug":"allanamiento-en-san-pedro-secuestran-drogas-armas-y-elementos-para-cometer-delitos","status":"publish","type":"post","link":"https:\/\/eldiariodesanpedro.com.ar\/sitio\/allanamiento-en-san-pedro-secuestran-drogas-armas-y-elementos-para-cometer-delitos\/","title":{"rendered":"Allanamiento en San Pedro: Secuestran drogas, armas y elementos para cometer delitos"},"content":{"rendered":"<!-- VideographyWP Plugin Message: Automatic video embedding prevented by plugin options. -->\n\n<p>En un operativo conjunto, <strong>personal del Grupo T\u00e1ctico Operativo (GTO)<\/strong>, junto con efectivos de la <strong>Estaci\u00f3n de Polic\u00eda Comunal de San Pedro<\/strong>, la <strong>Subcomisaria Paola Vela<\/strong>, y agentes de las dependencias <strong>R\u00edo Tala, La Tosquera y la DDI<\/strong>, llevaron a cabo un <strong>allanamiento<\/strong> en una vivienda ubicada en <strong>Independencia 2200, San Pedro<\/strong>.<\/p>\n\n\n\n<p>La diligencia, ordenada por el <strong>Juzgado de Garant\u00edas N\u00b0 03<\/strong>, permiti\u00f3 el <strong>secuestro de un bagullo de coca\u00edna de 1,5 gramos<\/strong>, <strong>armas de fuego con su correspondiente munici\u00f3n<\/strong>, adem\u00e1s de <strong>guantes, cuellera, campera, linterna para la frente y precintos<\/strong>, todos ellos ocultos en una mochila y presuntamente destinados a la comisi\u00f3n de nuevos delitos.<\/p>\n\n\n\n<p>El <strong>morador de la vivienda no se encontraba presente<\/strong> al momento del operativo. La investigaci\u00f3n qued\u00f3 a cargo de la <strong>Fiscal\u00eda local<\/strong>.<\/p>\n","protected":false},"excerpt":{"rendered":"<p>En un operativo conjunto, personal del Grupo T\u00e1ctico Operativo (GTO), junto con efectivos de la Estaci\u00f3n de Polic\u00eda Comunal de San Pedro, la Subcomisaria Paola Vela, y agentes de las dependencias R\u00edo Tala, La Tosquera y la DDI, llevaron a cabo un allanamiento en una vivienda ubicada en Independencia 2200, San Pedro. La diligencia, ordenada [&hellip;]<\/p>\n","protected":false},"author":4,"featured_media":138373,"comment_status":"closed","ping_status":"closed","sticky":false,"template":"","format":"standard","meta":{"om_disable_all_campaigns":false,"_jetpack_memberships_contains_paid_content":false,"footnotes":""},"categories":[50,2,103],"tags":[],"class_list":["post-138372","post","type-post","status-publish","format-standard","has-post-thumbnail","hentry","category-destacadas","category-locales","category-policiales-locales"],"aioseo_notices":[],"gutentor_comment":0,"jetpack_featured_media_url":"https:\/\/eldiariodesanpedro.com.ar\/sitio\/wp-content\/uploads\/2025\/03\/medida-2-42.jpg","jetpack_shortlink":"https:\/\/wp.me\/p6RhLt-zZO","jetpack_sharing_enabled":true,"_links":{"self":[{"href":"https:\/\/eldiariodesanpedro.com.ar\/sitio\/wp-json\/wp\/v2\/posts\/138372","targetHints":{"allow":["GET"]}}],"collection":[{"href":"https:\/\/eldiariodesanpedro.com.ar\/sitio\/wp-json\/wp\/v2\/posts"}],"about":[{"href":"https:\/\/eldiariodesanpedro.com.ar\/sitio\/wp-json\/wp\/v2\/types\/post"}],"author":[{"embeddable":true,"href":"https:\/\/eldiariodesanpedro.com.ar\/sitio\/wp-json\/wp\/v2\/users\/4"}],"replies":[{"embeddable":true,"href":"https:\/\/eldiariodesanpedro.com.ar\/sitio\/wp-json\/wp\/v2\/comments?post=138372"}],"version-history":[{"count":1,"href":"https:\/\/eldiariodesanpedro.com.ar\/sitio\/wp-json\/wp\/v2\/posts\/138372\/revisions"}],"predecessor-version":[{"id":138374,"href":"https:\/\/eldiariodesanpedro.com.ar\/sitio\/wp-json\/wp\/v2\/posts\/138372\/revisions\/138374"}],"wp:featuredmedia":[{"embeddable":true,"href":"https:\/\/eldiariodesanpedro.com.ar\/sitio\/wp-json\/wp\/v2\/media\/138373"}],"wp:attachment":[{"href":"https:\/\/eldiariodesanpedro.com.ar\/sitio\/wp-json\/wp\/v2\/media?parent=138372"}],"wp:term":[{"taxonomy":"category","embeddable":true,"href":"https:\/\/eldiariodesanpedro.com.ar\/sitio\/wp-json\/wp\/v2\/categories?post=138372"},{"taxonomy":"post_tag","embeddable":true,"href":"https:\/\/eldiariodesanpedro.com.ar\/sitio\/wp-json\/wp\/v2\/tags?post=138372"}],"curies":[{"name":"wp","href":"https:\/\/api.w.org\/{rel}","templated":true}]}}