{"id":138369,"date":"2025-03-21T11:31:33","date_gmt":"2025-03-21T14:31:33","guid":{"rendered":"https:\/\/eldiariodesanpedro.com.ar\/sitio\/?p=138369"},"modified":"2025-03-21T11:31:37","modified_gmt":"2025-03-21T14:31:37","slug":"se-realizara-por-48-hs-el-recuento-de-la-mercaderia-incautada-en-allanamiento","status":"publish","type":"post","link":"https:\/\/eldiariodesanpedro.com.ar\/sitio\/se-realizara-por-48-hs-el-recuento-de-la-mercaderia-incautada-en-allanamiento\/","title":{"rendered":"Se realizara por 48 hs el recuento de la mercader\u00eda incautada en allanamiento"},"content":{"rendered":"<!-- VideographyWP Plugin Message: Automatic video embedding prevented by plugin options. -->\n\n<p>En la tarde de ayer, <strong>personal del Grupo T\u00e1ctico Operativo (GTO)<\/strong> llev\u00f3 a cabo un <strong>allanamiento<\/strong> ordenado por el <strong>Juzgado de Garant\u00edas N\u00b0 03 DJSN<\/strong>, en un operativo de gran magnitud desarrollado en el <strong>kil\u00f3metro 150 de la Ruta Nacional N\u00b0 9<\/strong>.<\/p>\n\n\n\n<p>En el procedimiento participaron <strong>efectivos de la Jefatura Comunal de San Pedro<\/strong>, encabezados por el <strong>Comisario Rodrigo Pereyra<\/strong>, junto con el <strong>personal de la Estaci\u00f3n de Polic\u00eda Comunal de San Pedro<\/strong>, a cargo de la <strong>Subcomisaria Paola Vela<\/strong>, adem\u00e1s de unidades de los destacamentos de <strong>Gobernador Castro, R\u00edo Tala, Santa Luc\u00eda, Rural San Pedro<\/strong>, Polic\u00eda Cient\u00edfica, Polic\u00eda Ecol\u00f3gica, personal de la <strong>Direcci\u00f3n Departamental de Investigaciones (DDI)<\/strong> y el <strong>Grupo de Apoyo Departamental (GAD)<\/strong>.<\/p>\n\n\n\n<p>Durante el operativo estuvieron presentes el <strong>Dr. Jorge Gonz\u00e1lez<\/strong>, de la <strong>Unidad Fiscal de Instrucci\u00f3n N\u00b0 11<\/strong>, y el <strong>Secretario de Seguridad Carlos Farre<\/strong>. Como resultado de la diligencia, se logr\u00f3 el <strong>secuestro de elementos de inter\u00e9s para la causa, as\u00ed como armas de fuego con su correspondiente cartucher\u00eda<\/strong>.<\/p>\n\n\n\n<p>Respecto a la <strong>moradora del domicilio<\/strong>, se inform\u00f3 que se trata de <strong>una mujer mayor de edad<\/strong>, quien fue <strong>notificada de la formaci\u00f3n de la causa<\/strong> en su contra.<\/p>\n","protected":false},"excerpt":{"rendered":"<p>En la tarde de ayer, personal del Grupo T\u00e1ctico Operativo (GTO) llev\u00f3 a cabo un allanamiento ordenado por el Juzgado de Garant\u00edas N\u00b0 03 DJSN, en un operativo de gran magnitud desarrollado en el kil\u00f3metro 150 de la Ruta Nacional N\u00b0 9. En el procedimiento participaron efectivos de la Jefatura Comunal de San Pedro, encabezados [&hellip;]<\/p>\n","protected":false},"author":4,"featured_media":138370,"comment_status":"closed","ping_status":"closed","sticky":false,"template":"","format":"standard","meta":{"om_disable_all_campaigns":false,"_jetpack_memberships_contains_paid_content":false,"footnotes":""},"categories":[2,103],"tags":[],"class_list":["post-138369","post","type-post","status-publish","format-standard","has-post-thumbnail","hentry","category-locales","category-policiales-locales"],"aioseo_notices":[],"gutentor_comment":0,"jetpack_featured_media_url":"https:\/\/eldiariodesanpedro.com.ar\/sitio\/wp-content\/uploads\/2025\/03\/medida-2-41.jpg","jetpack_shortlink":"https:\/\/wp.me\/p6RhLt-zZL","jetpack_sharing_enabled":true,"_links":{"self":[{"href":"https:\/\/eldiariodesanpedro.com.ar\/sitio\/wp-json\/wp\/v2\/posts\/138369","targetHints":{"allow":["GET"]}}],"collection":[{"href":"https:\/\/eldiariodesanpedro.com.ar\/sitio\/wp-json\/wp\/v2\/posts"}],"about":[{"href":"https:\/\/eldiariodesanpedro.com.ar\/sitio\/wp-json\/wp\/v2\/types\/post"}],"author":[{"embeddable":true,"href":"https:\/\/eldiariodesanpedro.com.ar\/sitio\/wp-json\/wp\/v2\/users\/4"}],"replies":[{"embeddable":true,"href":"https:\/\/eldiariodesanpedro.com.ar\/sitio\/wp-json\/wp\/v2\/comments?post=138369"}],"version-history":[{"count":1,"href":"https:\/\/eldiariodesanpedro.com.ar\/sitio\/wp-json\/wp\/v2\/posts\/138369\/revisions"}],"predecessor-version":[{"id":138371,"href":"https:\/\/eldiariodesanpedro.com.ar\/sitio\/wp-json\/wp\/v2\/posts\/138369\/revisions\/138371"}],"wp:featuredmedia":[{"embeddable":true,"href":"https:\/\/eldiariodesanpedro.com.ar\/sitio\/wp-json\/wp\/v2\/media\/138370"}],"wp:attachment":[{"href":"https:\/\/eldiariodesanpedro.com.ar\/sitio\/wp-json\/wp\/v2\/media?parent=138369"}],"wp:term":[{"taxonomy":"category","embeddable":true,"href":"https:\/\/eldiariodesanpedro.com.ar\/sitio\/wp-json\/wp\/v2\/categories?post=138369"},{"taxonomy":"post_tag","embeddable":true,"href":"https:\/\/eldiariodesanpedro.com.ar\/sitio\/wp-json\/wp\/v2\/tags?post=138369"}],"curies":[{"name":"wp","href":"https:\/\/api.w.org\/{rel}","templated":true}]}}