{"id":138366,"date":"2025-03-21T11:02:24","date_gmt":"2025-03-21T14:02:24","guid":{"rendered":"https:\/\/eldiariodesanpedro.com.ar\/sitio\/?p=138366"},"modified":"2025-03-21T11:02:28","modified_gmt":"2025-03-21T14:02:28","slug":"accidente-entre-moto-y-auto-en-la-via-publica-una-familia-trasladada-por-precaucion","status":"publish","type":"post","link":"https:\/\/eldiariodesanpedro.com.ar\/sitio\/accidente-entre-moto-y-auto-en-la-via-publica-una-familia-trasladada-por-precaucion\/","title":{"rendered":"Accidente entre moto y auto en la v\u00eda p\u00fablica: una familia trasladada por precauci\u00f3n"},"content":{"rendered":"<!-- VideographyWP Plugin Message: Automatic video embedding prevented by plugin options. -->\n\n<p>En el d\u00eda de ayer, <strong>personal policial acudi\u00f3 a la intersecci\u00f3n de calles Bozzano y M. Iglesias<\/strong> tras un llamado al 911 que alertaba sobre un accidente de tr\u00e1nsito.<\/p>\n\n\n\n<p>Por razones que a\u00fan se tratan de establecer, <strong>una motocicleta Zanella 150cc<\/strong>, conducida por un <strong>joven de 22 a\u00f1os<\/strong>, colision\u00f3 con un <strong>autom\u00f3vil Volkswagen Voyage<\/strong>, manejado por una <strong>mujer de 34 a\u00f1os<\/strong>, quien <strong>viajaba acompa\u00f1ada por sus hijos de 4 y 7 a\u00f1os<\/strong>.<\/p>\n\n\n\n<p>El motociclista sufri\u00f3 <strong>escoriaciones en pierna y brazo<\/strong>, aunque <strong>sin lesiones de gravedad<\/strong>. En tanto, los menores fueron <strong>trasladados a la Guardia de Pediatr\u00eda por precauci\u00f3n<\/strong>, donde se les realizaron <strong>estudios complementarios que descartaron lesiones de consideraci\u00f3n<\/strong>.<\/p>\n","protected":false},"excerpt":{"rendered":"<p>En el d\u00eda de ayer, personal policial acudi\u00f3 a la intersecci\u00f3n de calles Bozzano y M. Iglesias tras un llamado al 911 que alertaba sobre un accidente de tr\u00e1nsito. Por razones que a\u00fan se tratan de establecer, una motocicleta Zanella 150cc, conducida por un joven de 22 a\u00f1os, colision\u00f3 con un autom\u00f3vil Volkswagen Voyage, manejado [&hellip;]<\/p>\n","protected":false},"author":4,"featured_media":138367,"comment_status":"closed","ping_status":"closed","sticky":false,"template":"","format":"standard","meta":{"om_disable_all_campaigns":false,"_jetpack_memberships_contains_paid_content":false,"footnotes":""},"categories":[50,2,103],"tags":[],"class_list":["post-138366","post","type-post","status-publish","format-standard","has-post-thumbnail","hentry","category-destacadas","category-locales","category-policiales-locales"],"aioseo_notices":[],"gutentor_comment":0,"jetpack_featured_media_url":"https:\/\/eldiariodesanpedro.com.ar\/sitio\/wp-content\/uploads\/2025\/03\/medida-2-40.jpg","jetpack_shortlink":"https:\/\/wp.me\/p6RhLt-zZI","jetpack_sharing_enabled":true,"_links":{"self":[{"href":"https:\/\/eldiariodesanpedro.com.ar\/sitio\/wp-json\/wp\/v2\/posts\/138366","targetHints":{"allow":["GET"]}}],"collection":[{"href":"https:\/\/eldiariodesanpedro.com.ar\/sitio\/wp-json\/wp\/v2\/posts"}],"about":[{"href":"https:\/\/eldiariodesanpedro.com.ar\/sitio\/wp-json\/wp\/v2\/types\/post"}],"author":[{"embeddable":true,"href":"https:\/\/eldiariodesanpedro.com.ar\/sitio\/wp-json\/wp\/v2\/users\/4"}],"replies":[{"embeddable":true,"href":"https:\/\/eldiariodesanpedro.com.ar\/sitio\/wp-json\/wp\/v2\/comments?post=138366"}],"version-history":[{"count":1,"href":"https:\/\/eldiariodesanpedro.com.ar\/sitio\/wp-json\/wp\/v2\/posts\/138366\/revisions"}],"predecessor-version":[{"id":138368,"href":"https:\/\/eldiariodesanpedro.com.ar\/sitio\/wp-json\/wp\/v2\/posts\/138366\/revisions\/138368"}],"wp:featuredmedia":[{"embeddable":true,"href":"https:\/\/eldiariodesanpedro.com.ar\/sitio\/wp-json\/wp\/v2\/media\/138367"}],"wp:attachment":[{"href":"https:\/\/eldiariodesanpedro.com.ar\/sitio\/wp-json\/wp\/v2\/media?parent=138366"}],"wp:term":[{"taxonomy":"category","embeddable":true,"href":"https:\/\/eldiariodesanpedro.com.ar\/sitio\/wp-json\/wp\/v2\/categories?post=138366"},{"taxonomy":"post_tag","embeddable":true,"href":"https:\/\/eldiariodesanpedro.com.ar\/sitio\/wp-json\/wp\/v2\/tags?post=138366"}],"curies":[{"name":"wp","href":"https:\/\/api.w.org\/{rel}","templated":true}]}}