{"id":138362,"date":"2025-03-21T10:40:45","date_gmt":"2025-03-21T13:40:45","guid":{"rendered":"https:\/\/eldiariodesanpedro.com.ar\/sitio\/?p=138362"},"modified":"2025-03-21T10:40:49","modified_gmt":"2025-03-21T13:40:49","slug":"transporte-gratuito-para-la-fiesta-de-la-batata-en-rio-tala","status":"publish","type":"post","link":"https:\/\/eldiariodesanpedro.com.ar\/sitio\/transporte-gratuito-para-la-fiesta-de-la-batata-en-rio-tala\/","title":{"rendered":"Transporte gratuito para la Fiesta de la Batata en R\u00edo Tala"},"content":{"rendered":"<!-- VideographyWP Plugin Message: Automatic video embedding prevented by plugin options. -->\n\n<p>La Municipalidad de San Pedro informa que, para facilitar el traslado a la Fiesta de la Batata en R\u00edo Tala se dispondr\u00e1 de transporte gratuito desde distintas localidades.<\/p>\n\n\n\n<p>El servicio de colectivos saldr\u00e1 el domingo en los siguientes horarios:<\/p>\n\n\n\n<p>San Pedro: 15:00 hs. La inscripci\u00f3n se realiza en la Casona de Turismo de Mitre y Liniers, de 9:00 a 19:00, o enviando un mensaje escrito por WhatsApp al 3329 644042.<\/p>\n\n\n\n<p>Santa Luc\u00eda: 15:00 hs. Salida desde Plaza San Mart\u00edn (Belgrano 350), con una parada posterior en Doyle.<\/p>\n\n\n\n<p>Gobernador Castro: 15:00 hs. Inscripci\u00f3n en la Delegaci\u00f3n Municipal, de 07:30 a 13:30.<\/p>\n\n\n\n<p>Vuelta de Obligado: 15:00 hs. Salida desde Plaza Santiago Moreira.<\/p>\n\n\n\n<p>La Buena Moza: 16:00 hs. Salida desde la plaza frente al Centro de Salud.<\/p>\n\n\n\n<p>Es importante destacar que los cupos son limitados, por lo que cada vecino deber\u00e1 inscribirse previamente en su delegaci\u00f3n correspondiente para reservar su lugar.<\/p>\n\n\n\n<p>Se recomienda llevar reposera para mayor comodidad durante el evento y se recuerda que no est\u00e1 permitido asistir con conservadoras.<\/p>\n\n\n\n<figure class=\"wp-block-image size-full\"><img decoding=\"async\" width=\"504\" height=\"630\" data-attachment-id=\"138363\" data-permalink=\"https:\/\/eldiariodesanpedro.com.ar\/sitio\/transporte-gratuito-para-la-fiesta-de-la-batata-en-rio-tala\/whatsapp-image-2025-03-20-at-14-02-19\/\" data-orig-file=\"https:\/\/eldiariodesanpedro.com.ar\/sitio\/wp-content\/uploads\/2025\/03\/WhatsApp-Image-2025-03-20-at-14.02.19.jpeg\" data-orig-size=\"504,630\" data-comments-opened=\"0\" data-image-meta=\"{&quot;aperture&quot;:&quot;0&quot;,&quot;credit&quot;:&quot;&quot;,&quot;camera&quot;:&quot;&quot;,&quot;caption&quot;:&quot;&quot;,&quot;created_timestamp&quot;:&quot;0&quot;,&quot;copyright&quot;:&quot;&quot;,&quot;focal_length&quot;:&quot;0&quot;,&quot;iso&quot;:&quot;0&quot;,&quot;shutter_speed&quot;:&quot;0&quot;,&quot;title&quot;:&quot;&quot;,&quot;orientation&quot;:&quot;0&quot;}\" data-image-title=\"WhatsApp Image 2025-03-20 at 14.02.19\" data-image-description=\"\" data-image-caption=\"\" data-large-file=\"https:\/\/eldiariodesanpedro.com.ar\/sitio\/wp-content\/uploads\/2025\/03\/WhatsApp-Image-2025-03-20-at-14.02.19.jpeg\" data-src=\"https:\/\/eldiariodesanpedro.com.ar\/sitio\/wp-content\/uploads\/2025\/03\/WhatsApp-Image-2025-03-20-at-14.02.19.jpeg\" alt=\"\" class=\"wp-image-138363 lazyload\" data-srcset=\"https:\/\/eldiariodesanpedro.com.ar\/sitio\/wp-content\/uploads\/2025\/03\/WhatsApp-Image-2025-03-20-at-14.02.19.jpeg 504w, https:\/\/eldiariodesanpedro.com.ar\/sitio\/wp-content\/uploads\/2025\/03\/WhatsApp-Image-2025-03-20-at-14.02.19-240x300.jpeg 240w\" data-sizes=\"(max-width: 504px) 100vw, 504px\" src=\"data:image\/svg+xml;base64,PHN2ZyB3aWR0aD0iMSIgaGVpZ2h0PSIxIiB4bWxucz0iaHR0cDovL3d3dy53My5vcmcvMjAwMC9zdmciPjwvc3ZnPg==\" style=\"--smush-placeholder-width: 504px; --smush-placeholder-aspect-ratio: 504\/630;\" \/><\/figure>\n","protected":false},"excerpt":{"rendered":"<p>La Municipalidad de San Pedro informa que, para facilitar el traslado a la Fiesta de la Batata en R\u00edo Tala se dispondr\u00e1 de transporte gratuito desde distintas localidades. El servicio de colectivos saldr\u00e1 el domingo en los siguientes horarios: San Pedro: 15:00 hs. La inscripci\u00f3n se realiza en la Casona de Turismo de Mitre y [&hellip;]<\/p>\n","protected":false},"author":4,"featured_media":138364,"comment_status":"closed","ping_status":"closed","sticky":false,"template":"","format":"standard","meta":{"om_disable_all_campaigns":false,"_jetpack_memberships_contains_paid_content":false,"footnotes":""},"categories":[101,2],"tags":[],"class_list":["post-138362","post","type-post","status-publish","format-standard","has-post-thumbnail","hentry","category-interes-general-locales","category-locales"],"aioseo_notices":[],"gutentor_comment":0,"jetpack_featured_media_url":"https:\/\/eldiariodesanpedro.com.ar\/sitio\/wp-content\/uploads\/2025\/03\/medida-2-39.jpg","jetpack_shortlink":"https:\/\/wp.me\/p6RhLt-zZE","jetpack_sharing_enabled":true,"_links":{"self":[{"href":"https:\/\/eldiariodesanpedro.com.ar\/sitio\/wp-json\/wp\/v2\/posts\/138362","targetHints":{"allow":["GET"]}}],"collection":[{"href":"https:\/\/eldiariodesanpedro.com.ar\/sitio\/wp-json\/wp\/v2\/posts"}],"about":[{"href":"https:\/\/eldiariodesanpedro.com.ar\/sitio\/wp-json\/wp\/v2\/types\/post"}],"author":[{"embeddable":true,"href":"https:\/\/eldiariodesanpedro.com.ar\/sitio\/wp-json\/wp\/v2\/users\/4"}],"replies":[{"embeddable":true,"href":"https:\/\/eldiariodesanpedro.com.ar\/sitio\/wp-json\/wp\/v2\/comments?post=138362"}],"version-history":[{"count":1,"href":"https:\/\/eldiariodesanpedro.com.ar\/sitio\/wp-json\/wp\/v2\/posts\/138362\/revisions"}],"predecessor-version":[{"id":138365,"href":"https:\/\/eldiariodesanpedro.com.ar\/sitio\/wp-json\/wp\/v2\/posts\/138362\/revisions\/138365"}],"wp:featuredmedia":[{"embeddable":true,"href":"https:\/\/eldiariodesanpedro.com.ar\/sitio\/wp-json\/wp\/v2\/media\/138364"}],"wp:attachment":[{"href":"https:\/\/eldiariodesanpedro.com.ar\/sitio\/wp-json\/wp\/v2\/media?parent=138362"}],"wp:term":[{"taxonomy":"category","embeddable":true,"href":"https:\/\/eldiariodesanpedro.com.ar\/sitio\/wp-json\/wp\/v2\/categories?post=138362"},{"taxonomy":"post_tag","embeddable":true,"href":"https:\/\/eldiariodesanpedro.com.ar\/sitio\/wp-json\/wp\/v2\/tags?post=138362"}],"curies":[{"name":"wp","href":"https:\/\/api.w.org\/{rel}","templated":true}]}}