{"id":13836,"date":"2017-01-31T20:24:22","date_gmt":"2017-01-31T23:24:22","guid":{"rendered":"https:\/\/eldiariodesanpedro.com.ar\/sitio\/?p=13836"},"modified":"2017-01-31T20:24:22","modified_gmt":"2017-01-31T23:24:22","slug":"un-auto-impacto-a-un-camion-por-detras","status":"publish","type":"post","link":"https:\/\/eldiariodesanpedro.com.ar\/sitio\/un-auto-impacto-a-un-camion-por-detras\/","title":{"rendered":"Un auto impact\u00f3 a un cami\u00f3n por detr\u00e1s"},"content":{"rendered":"<p><!-- VideographyWP Plugin Message: Automatic video embedding prevented by plugin options. --><br \/>\nEl incidente de tr\u00e1nsito se produjo cerca de las 4.40 hs.de ayer  en el Km. 171, en el carril Rosario \u2013 Buenos Aires de la autopista nacional. Por causas que se tratan de establecer un autom\u00f3vil impact\u00f3 por detr\u00e1s a un cami\u00f3n. Como consecuencia de ello, de los cuatro ocupantes del rodado menor dos sufrieron politraumatismos leves por lo que no fueron derivados al Hospital mientras que los restantes resultaron ilesos.<\/p>\n<p>Se trata de un mujer de 31 a\u00f1os, dos hombres de 32 y 35 a\u00f1os y una menor de 5 a\u00f1os, todos de nacionalidad boliviana que ven\u00edan de Villa Celina y se dirig\u00edan a la provincia de Salta.<\/p>\n","protected":false},"excerpt":{"rendered":"<p>El incidente de tr\u00e1nsito se produjo cerca de las 4.40 hs.de ayer en el Km. 171, en el carril Rosario \u2013 Buenos Aires de la autopista nacional. Por causas que se tratan de establecer un autom\u00f3vil impact\u00f3 por detr\u00e1s a un cami\u00f3n. Como consecuencia de ello, de los cuatro ocupantes del rodado menor dos sufrieron [&hellip;]<\/p>\n","protected":false},"author":4,"featured_media":13837,"comment_status":"open","ping_status":"closed","sticky":false,"template":"","format":"standard","meta":{"om_disable_all_campaigns":false,"_jetpack_memberships_contains_paid_content":false,"footnotes":""},"categories":[50,2,103],"tags":[],"class_list":["post-13836","post","type-post","status-publish","format-standard","has-post-thumbnail","hentry","category-destacadas","category-locales","category-policiales-locales"],"aioseo_notices":[],"gutentor_comment":0,"jetpack_featured_media_url":"https:\/\/eldiariodesanpedro.com.ar\/sitio\/wp-content\/uploads\/2017\/01\/En-el-auto-se-dirig\u00edan-cuatro-ocupantes-de-nacionalidad-boliviana.jpeg","jetpack_shortlink":"https:\/\/wp.me\/p6RhLt-3Ba","jetpack_sharing_enabled":true,"_links":{"self":[{"href":"https:\/\/eldiariodesanpedro.com.ar\/sitio\/wp-json\/wp\/v2\/posts\/13836","targetHints":{"allow":["GET"]}}],"collection":[{"href":"https:\/\/eldiariodesanpedro.com.ar\/sitio\/wp-json\/wp\/v2\/posts"}],"about":[{"href":"https:\/\/eldiariodesanpedro.com.ar\/sitio\/wp-json\/wp\/v2\/types\/post"}],"author":[{"embeddable":true,"href":"https:\/\/eldiariodesanpedro.com.ar\/sitio\/wp-json\/wp\/v2\/users\/4"}],"replies":[{"embeddable":true,"href":"https:\/\/eldiariodesanpedro.com.ar\/sitio\/wp-json\/wp\/v2\/comments?post=13836"}],"version-history":[{"count":1,"href":"https:\/\/eldiariodesanpedro.com.ar\/sitio\/wp-json\/wp\/v2\/posts\/13836\/revisions"}],"predecessor-version":[{"id":13838,"href":"https:\/\/eldiariodesanpedro.com.ar\/sitio\/wp-json\/wp\/v2\/posts\/13836\/revisions\/13838"}],"wp:featuredmedia":[{"embeddable":true,"href":"https:\/\/eldiariodesanpedro.com.ar\/sitio\/wp-json\/wp\/v2\/media\/13837"}],"wp:attachment":[{"href":"https:\/\/eldiariodesanpedro.com.ar\/sitio\/wp-json\/wp\/v2\/media?parent=13836"}],"wp:term":[{"taxonomy":"category","embeddable":true,"href":"https:\/\/eldiariodesanpedro.com.ar\/sitio\/wp-json\/wp\/v2\/categories?post=13836"},{"taxonomy":"post_tag","embeddable":true,"href":"https:\/\/eldiariodesanpedro.com.ar\/sitio\/wp-json\/wp\/v2\/tags?post=13836"}],"curies":[{"name":"wp","href":"https:\/\/api.w.org\/{rel}","templated":true}]}}