{"id":138355,"date":"2025-03-21T10:21:15","date_gmt":"2025-03-21T13:21:15","guid":{"rendered":"https:\/\/eldiariodesanpedro.com.ar\/sitio\/?p=138355"},"modified":"2025-03-21T10:34:44","modified_gmt":"2025-03-21T13:34:44","slug":"abordaje-territorial-en-el-barrio-argentino","status":"publish","type":"post","link":"https:\/\/eldiariodesanpedro.com.ar\/sitio\/abordaje-territorial-en-el-barrio-argentino\/","title":{"rendered":"Abordaje territorial en el barrio Argentino"},"content":{"rendered":"<!-- VideographyWP Plugin Message: Automatic video embedding prevented by plugin options. -->\n\n<p>La Municipalidad de San Pedro, a trav\u00e9s de la Secretar\u00eda de Salud y la Secretar\u00eda de Desarrollo de la Comunidad, realiz\u00f3 este jueves un operativo de abordaje territorial en el barrio Argentino, con la participaci\u00f3n del equipo de Salud Comunitaria. Durante la jornada, se aplicaron vacunas para completar esquemas, se brind\u00f3 informaci\u00f3n sobre prevenci\u00f3n del dengue y se realizaron controles de glucemia y presi\u00f3n arterial.<\/p>\n\n\n\n<p>Adem\u00e1s, el equipo de Desarrollo de la Comunidad llev\u00f3 adelante actividades del Centro Integrador Comunitario (CIC), acercando a los vecinos informaci\u00f3n sobre los distintos servicios y programas disponibles.<\/p>\n\n\n\n<p>Las acciones continuar\u00e1n este viernes en el barrio San Francisco, con el mismo enfoque de promoci\u00f3n de la salud y el acompa\u00f1amiento a las familias.<\/p>\n\n\n\n<div class=\"wp-block-jetpack-slideshow aligncenter\" data-effect=\"slide\"><div class=\"wp-block-jetpack-slideshow_container swiper-container\"><ul class=\"wp-block-jetpack-slideshow_swiper-wrapper swiper-wrapper\"><li class=\"wp-block-jetpack-slideshow_slide swiper-slide\"><figure><img decoding=\"async\" width=\"879\" height=\"630\" alt=\"\" class=\"wp-block-jetpack-slideshow_image wp-image-138359 lazyload\" data-id=\"138359\" data-src=\"https:\/\/eldiariodesanpedro.com.ar\/sitio\/wp-content\/uploads\/2025\/03\/WhatsApp-Image-2025-03-20-at-11.42.59.jpeg\" data-srcset=\"https:\/\/eldiariodesanpedro.com.ar\/sitio\/wp-content\/uploads\/2025\/03\/WhatsApp-Image-2025-03-20-at-11.42.59.jpeg 879w, https:\/\/eldiariodesanpedro.com.ar\/sitio\/wp-content\/uploads\/2025\/03\/WhatsApp-Image-2025-03-20-at-11.42.59-300x215.jpeg 300w, https:\/\/eldiariodesanpedro.com.ar\/sitio\/wp-content\/uploads\/2025\/03\/WhatsApp-Image-2025-03-20-at-11.42.59-768x550.jpeg 768w\" data-sizes=\"(max-width: 879px) 100vw, 879px\" src=\"data:image\/svg+xml;base64,PHN2ZyB3aWR0aD0iMSIgaGVpZ2h0PSIxIiB4bWxucz0iaHR0cDovL3d3dy53My5vcmcvMjAwMC9zdmciPjwvc3ZnPg==\" style=\"--smush-placeholder-width: 879px; --smush-placeholder-aspect-ratio: 879\/630;\" \/><\/figure><\/li><li class=\"wp-block-jetpack-slideshow_slide swiper-slide\"><figure><img decoding=\"async\" width=\"501\" height=\"630\" alt=\"\" class=\"wp-block-jetpack-slideshow_image wp-image-138358 lazyload\" data-id=\"138358\" data-src=\"https:\/\/eldiariodesanpedro.com.ar\/sitio\/wp-content\/uploads\/2025\/03\/WhatsApp-Image-2025-03-20-at-11.42.59-2.jpeg\" data-srcset=\"https:\/\/eldiariodesanpedro.com.ar\/sitio\/wp-content\/uploads\/2025\/03\/WhatsApp-Image-2025-03-20-at-11.42.59-2.jpeg 501w, https:\/\/eldiariodesanpedro.com.ar\/sitio\/wp-content\/uploads\/2025\/03\/WhatsApp-Image-2025-03-20-at-11.42.59-2-239x300.jpeg 239w\" data-sizes=\"(max-width: 501px) 100vw, 501px\" src=\"data:image\/svg+xml;base64,PHN2ZyB3aWR0aD0iMSIgaGVpZ2h0PSIxIiB4bWxucz0iaHR0cDovL3d3dy53My5vcmcvMjAwMC9zdmciPjwvc3ZnPg==\" style=\"--smush-placeholder-width: 501px; --smush-placeholder-aspect-ratio: 501\/630;\" \/><\/figure><\/li><li class=\"wp-block-jetpack-slideshow_slide swiper-slide\"><figure><img decoding=\"async\" width=\"536\" height=\"630\" alt=\"\" class=\"wp-block-jetpack-slideshow_image wp-image-138357 lazyload\" data-id=\"138357\" data-src=\"https:\/\/eldiariodesanpedro.com.ar\/sitio\/wp-content\/uploads\/2025\/03\/WhatsApp-Image-2025-03-20-at-11.42.59-1.jpeg\" data-srcset=\"https:\/\/eldiariodesanpedro.com.ar\/sitio\/wp-content\/uploads\/2025\/03\/WhatsApp-Image-2025-03-20-at-11.42.59-1.jpeg 536w, https:\/\/eldiariodesanpedro.com.ar\/sitio\/wp-content\/uploads\/2025\/03\/WhatsApp-Image-2025-03-20-at-11.42.59-1-255x300.jpeg 255w\" data-sizes=\"(max-width: 536px) 100vw, 536px\" src=\"data:image\/svg+xml;base64,PHN2ZyB3aWR0aD0iMSIgaGVpZ2h0PSIxIiB4bWxucz0iaHR0cDovL3d3dy53My5vcmcvMjAwMC9zdmciPjwvc3ZnPg==\" style=\"--smush-placeholder-width: 536px; --smush-placeholder-aspect-ratio: 536\/630;\" \/><\/figure><\/li><li class=\"wp-block-jetpack-slideshow_slide swiper-slide\"><figure><img decoding=\"async\" width=\"535\" height=\"630\" alt=\"\" class=\"wp-block-jetpack-slideshow_image wp-image-138356 lazyload\" data-id=\"138356\" data-src=\"https:\/\/eldiariodesanpedro.com.ar\/sitio\/wp-content\/uploads\/2025\/03\/WhatsApp-Image-2025-03-20-at-11.42.58.jpeg\" data-srcset=\"https:\/\/eldiariodesanpedro.com.ar\/sitio\/wp-content\/uploads\/2025\/03\/WhatsApp-Image-2025-03-20-at-11.42.58.jpeg 535w, https:\/\/eldiariodesanpedro.com.ar\/sitio\/wp-content\/uploads\/2025\/03\/WhatsApp-Image-2025-03-20-at-11.42.58-255x300.jpeg 255w\" data-sizes=\"(max-width: 535px) 100vw, 535px\" src=\"data:image\/svg+xml;base64,PHN2ZyB3aWR0aD0iMSIgaGVpZ2h0PSIxIiB4bWxucz0iaHR0cDovL3d3dy53My5vcmcvMjAwMC9zdmciPjwvc3ZnPg==\" style=\"--smush-placeholder-width: 535px; --smush-placeholder-aspect-ratio: 535\/630;\" \/><\/figure><\/li><\/ul><a class=\"wp-block-jetpack-slideshow_button-prev swiper-button-prev swiper-button-white\" role=\"button\"><\/a><a class=\"wp-block-jetpack-slideshow_button-next swiper-button-next swiper-button-white\" role=\"button\"><\/a><a aria-label=\"Pause Slideshow\" class=\"wp-block-jetpack-slideshow_button-pause\" role=\"button\"><\/a><div class=\"wp-block-jetpack-slideshow_pagination swiper-pagination swiper-pagination-white\"><\/div><\/div><\/div>\n","protected":false},"excerpt":{"rendered":"<p>La Municipalidad de San Pedro, a trav\u00e9s de la Secretar\u00eda de Salud y la Secretar\u00eda de Desarrollo de la Comunidad, realiz\u00f3 este jueves un operativo de abordaje territorial en el barrio Argentino, con la participaci\u00f3n del equipo de Salud Comunitaria. Durante la jornada, se aplicaron vacunas para completar esquemas, se brind\u00f3 informaci\u00f3n sobre prevenci\u00f3n del [&hellip;]<\/p>\n","protected":false},"author":4,"featured_media":138359,"comment_status":"closed","ping_status":"closed","sticky":false,"template":"","format":"standard","meta":{"om_disable_all_campaigns":false,"_jetpack_memberships_contains_paid_content":false,"footnotes":""},"categories":[101,2],"tags":[],"class_list":["post-138355","post","type-post","status-publish","format-standard","has-post-thumbnail","hentry","category-interes-general-locales","category-locales"],"aioseo_notices":[],"gutentor_comment":0,"jetpack_featured_media_url":"https:\/\/eldiariodesanpedro.com.ar\/sitio\/wp-content\/uploads\/2025\/03\/WhatsApp-Image-2025-03-20-at-11.42.59.jpeg","jetpack_shortlink":"https:\/\/wp.me\/p6RhLt-zZx","jetpack_sharing_enabled":true,"_links":{"self":[{"href":"https:\/\/eldiariodesanpedro.com.ar\/sitio\/wp-json\/wp\/v2\/posts\/138355","targetHints":{"allow":["GET"]}}],"collection":[{"href":"https:\/\/eldiariodesanpedro.com.ar\/sitio\/wp-json\/wp\/v2\/posts"}],"about":[{"href":"https:\/\/eldiariodesanpedro.com.ar\/sitio\/wp-json\/wp\/v2\/types\/post"}],"author":[{"embeddable":true,"href":"https:\/\/eldiariodesanpedro.com.ar\/sitio\/wp-json\/wp\/v2\/users\/4"}],"replies":[{"embeddable":true,"href":"https:\/\/eldiariodesanpedro.com.ar\/sitio\/wp-json\/wp\/v2\/comments?post=138355"}],"version-history":[{"count":1,"href":"https:\/\/eldiariodesanpedro.com.ar\/sitio\/wp-json\/wp\/v2\/posts\/138355\/revisions"}],"predecessor-version":[{"id":138360,"href":"https:\/\/eldiariodesanpedro.com.ar\/sitio\/wp-json\/wp\/v2\/posts\/138355\/revisions\/138360"}],"wp:featuredmedia":[{"embeddable":true,"href":"https:\/\/eldiariodesanpedro.com.ar\/sitio\/wp-json\/wp\/v2\/media\/138359"}],"wp:attachment":[{"href":"https:\/\/eldiariodesanpedro.com.ar\/sitio\/wp-json\/wp\/v2\/media?parent=138355"}],"wp:term":[{"taxonomy":"category","embeddable":true,"href":"https:\/\/eldiariodesanpedro.com.ar\/sitio\/wp-json\/wp\/v2\/categories?post=138355"},{"taxonomy":"post_tag","embeddable":true,"href":"https:\/\/eldiariodesanpedro.com.ar\/sitio\/wp-json\/wp\/v2\/tags?post=138355"}],"curies":[{"name":"wp","href":"https:\/\/api.w.org\/{rel}","templated":true}]}}