{"id":138351,"date":"2025-03-21T10:00:27","date_gmt":"2025-03-21T13:00:27","guid":{"rendered":"https:\/\/eldiariodesanpedro.com.ar\/sitio\/?p=138351"},"modified":"2025-03-21T10:00:31","modified_gmt":"2025-03-21T13:00:31","slug":"seminario-sobre-inteligencia-artificial-y-salud-digital-en-san-pedro","status":"publish","type":"post","link":"https:\/\/eldiariodesanpedro.com.ar\/sitio\/seminario-sobre-inteligencia-artificial-y-salud-digital-en-san-pedro\/","title":{"rendered":"Seminario sobre Inteligencia Artificial y Salud Digital en San Pedro"},"content":{"rendered":"<!-- VideographyWP Plugin Message: Automatic video embedding prevented by plugin options. -->\n\n<p>El <strong>C\u00edrculo M\u00e9dico de San Pedro<\/strong> ser\u00e1 sede de un <strong>seminario sobre Inteligencia Artificial y Salud Digital<\/strong>, que se realizar\u00e1 el <strong>viernes 4 de abril de 2025, de 18:00 a 21:00 hs<\/strong>.<\/p>\n\n\n\n<p>El evento contar\u00e1 con la participaci\u00f3n del <strong>Dr. Sebasti\u00e1n Benitez<\/strong>, quien disertar\u00e1 sobre <strong>el impacto de la IA en la medicina<\/strong> y el rol de las herramientas digitales en la transformaci\u00f3n de la pr\u00e1ctica profesional.<\/p>\n\n\n\n<p>Durante la jornada, se desarrollar\u00e1n <strong>tres exposiciones clave<\/strong>:<br>&#x1f539; <strong>Fundamentos y panorama actual de la IA en salud: De los algoritmos a la pr\u00e1ctica cl\u00ednica<\/strong><br>&#x1f539; <strong>La explosi\u00f3n de la salud digital<\/strong><br>&#x1f539; <strong>El futuro es hoy: Desaf\u00edos \u00e9ticos, regulatorios y oportunidades para los profesionales de la salud en Argentina<\/strong><\/p>\n\n\n\n<p>El avance de la <strong>inteligencia artificial<\/strong> est\u00e1 redefiniendo la medicina, brindando <strong>nuevas oportunidades y desaf\u00edos<\/strong>. La actualizaci\u00f3n en estos temas es esencial para <strong>adaptarse a los cambios tecnol\u00f3gicos y mejorar la calidad de la atenci\u00f3n m\u00e9dica<\/strong>.<\/p>\n\n\n\n<p>&#x1f4cc; <strong>Inscripci\u00f3n:<\/strong> <a href=\"https:\/\/bit.ly\/3RcEQ1D\">Formulario aqu\u00ed<\/a> o en <a href=\"http:\/\/www.circulomedico.com.ar\">www.circulomedico.com.ar<\/a>.<\/p>\n\n\n\n<figure class=\"wp-block-image size-full\"><img decoding=\"async\" width=\"504\" height=\"630\" data-attachment-id=\"138353\" data-permalink=\"https:\/\/eldiariodesanpedro.com.ar\/sitio\/seminario-sobre-inteligencia-artificial-y-salud-digital-en-san-pedro\/ia\/\" data-orig-file=\"https:\/\/eldiariodesanpedro.com.ar\/sitio\/wp-content\/uploads\/2025\/03\/ia.jpeg\" data-orig-size=\"504,630\" data-comments-opened=\"0\" data-image-meta=\"{&quot;aperture&quot;:&quot;0&quot;,&quot;credit&quot;:&quot;&quot;,&quot;camera&quot;:&quot;&quot;,&quot;caption&quot;:&quot;&quot;,&quot;created_timestamp&quot;:&quot;0&quot;,&quot;copyright&quot;:&quot;&quot;,&quot;focal_length&quot;:&quot;0&quot;,&quot;iso&quot;:&quot;0&quot;,&quot;shutter_speed&quot;:&quot;0&quot;,&quot;title&quot;:&quot;&quot;,&quot;orientation&quot;:&quot;0&quot;}\" data-image-title=\"ia\" data-image-description=\"\" data-image-caption=\"\" data-large-file=\"https:\/\/eldiariodesanpedro.com.ar\/sitio\/wp-content\/uploads\/2025\/03\/ia.jpeg\" data-src=\"https:\/\/eldiariodesanpedro.com.ar\/sitio\/wp-content\/uploads\/2025\/03\/ia.jpeg\" alt=\"\" class=\"wp-image-138353 lazyload\" data-srcset=\"https:\/\/eldiariodesanpedro.com.ar\/sitio\/wp-content\/uploads\/2025\/03\/ia.jpeg 504w, https:\/\/eldiariodesanpedro.com.ar\/sitio\/wp-content\/uploads\/2025\/03\/ia-240x300.jpeg 240w\" data-sizes=\"(max-width: 504px) 100vw, 504px\" src=\"data:image\/svg+xml;base64,PHN2ZyB3aWR0aD0iMSIgaGVpZ2h0PSIxIiB4bWxucz0iaHR0cDovL3d3dy53My5vcmcvMjAwMC9zdmciPjwvc3ZnPg==\" style=\"--smush-placeholder-width: 504px; --smush-placeholder-aspect-ratio: 504\/630;\" \/><\/figure>\n","protected":false},"excerpt":{"rendered":"<p>El C\u00edrculo M\u00e9dico de San Pedro ser\u00e1 sede de un seminario sobre Inteligencia Artificial y Salud Digital, que se realizar\u00e1 el viernes 4 de abril de 2025, de 18:00 a 21:00 hs. El evento contar\u00e1 con la participaci\u00f3n del Dr. Sebasti\u00e1n Benitez, quien disertar\u00e1 sobre el impacto de la IA en la medicina y el [&hellip;]<\/p>\n","protected":false},"author":4,"featured_media":138352,"comment_status":"closed","ping_status":"closed","sticky":false,"template":"","format":"standard","meta":{"om_disable_all_campaigns":false,"_jetpack_memberships_contains_paid_content":false,"footnotes":""},"categories":[50,101,2],"tags":[],"class_list":["post-138351","post","type-post","status-publish","format-standard","has-post-thumbnail","hentry","category-destacadas","category-interes-general-locales","category-locales"],"aioseo_notices":[],"gutentor_comment":0,"jetpack_featured_media_url":"https:\/\/eldiariodesanpedro.com.ar\/sitio\/wp-content\/uploads\/2025\/03\/e_1723929732.jpg","jetpack_shortlink":"https:\/\/wp.me\/p6RhLt-zZt","jetpack_sharing_enabled":true,"_links":{"self":[{"href":"https:\/\/eldiariodesanpedro.com.ar\/sitio\/wp-json\/wp\/v2\/posts\/138351","targetHints":{"allow":["GET"]}}],"collection":[{"href":"https:\/\/eldiariodesanpedro.com.ar\/sitio\/wp-json\/wp\/v2\/posts"}],"about":[{"href":"https:\/\/eldiariodesanpedro.com.ar\/sitio\/wp-json\/wp\/v2\/types\/post"}],"author":[{"embeddable":true,"href":"https:\/\/eldiariodesanpedro.com.ar\/sitio\/wp-json\/wp\/v2\/users\/4"}],"replies":[{"embeddable":true,"href":"https:\/\/eldiariodesanpedro.com.ar\/sitio\/wp-json\/wp\/v2\/comments?post=138351"}],"version-history":[{"count":1,"href":"https:\/\/eldiariodesanpedro.com.ar\/sitio\/wp-json\/wp\/v2\/posts\/138351\/revisions"}],"predecessor-version":[{"id":138354,"href":"https:\/\/eldiariodesanpedro.com.ar\/sitio\/wp-json\/wp\/v2\/posts\/138351\/revisions\/138354"}],"wp:featuredmedia":[{"embeddable":true,"href":"https:\/\/eldiariodesanpedro.com.ar\/sitio\/wp-json\/wp\/v2\/media\/138352"}],"wp:attachment":[{"href":"https:\/\/eldiariodesanpedro.com.ar\/sitio\/wp-json\/wp\/v2\/media?parent=138351"}],"wp:term":[{"taxonomy":"category","embeddable":true,"href":"https:\/\/eldiariodesanpedro.com.ar\/sitio\/wp-json\/wp\/v2\/categories?post=138351"},{"taxonomy":"post_tag","embeddable":true,"href":"https:\/\/eldiariodesanpedro.com.ar\/sitio\/wp-json\/wp\/v2\/tags?post=138351"}],"curies":[{"name":"wp","href":"https:\/\/api.w.org\/{rel}","templated":true}]}}