{"id":138347,"date":"2025-03-21T08:13:44","date_gmt":"2025-03-21T11:13:44","guid":{"rendered":"https:\/\/eldiariodesanpedro.com.ar\/sitio\/?p=138347"},"modified":"2025-03-21T08:13:47","modified_gmt":"2025-03-21T11:13:47","slug":"desarticulan-puerto-seco-de-comercio-ilegal-en-la-colectora-de-la-ruta-9","status":"publish","type":"post","link":"https:\/\/eldiariodesanpedro.com.ar\/sitio\/desarticulan-puerto-seco-de-comercio-ilegal-en-la-colectora-de-la-ruta-9\/","title":{"rendered":"Desarticulan \u00abpuerto seco\u00bb de comercio ilegal en la colectora de la ruta 9"},"content":{"rendered":"<!-- VideographyWP Plugin Message: Automatic video embedding prevented by plugin options. -->\n\n<p>Un <strong>\u00abpuerto seco\u00bb<\/strong> donde se comercializaban mercader\u00edas de forma <strong>irregular<\/strong> fue <strong>desarticulado<\/strong> durante un <strong>allanamiento policial<\/strong> en la colectora de la <strong>Ruta 9<\/strong>, a la altura del <strong>kil\u00f3metro 158<\/strong> (carril Rosario &#8211; Buenos Aires).<\/p>\n\n\n\n<p>Datos obtenidos por la <strong>Secretar\u00eda de Seguridad de la Municipalidad de San Pedro<\/strong> revelaron movimientos sospechosos que alertaron sobre el accionar delictivo. A partir de esto, <strong>Carlos Farr\u00e9 y Gabriel Cabral<\/strong> impulsaron una actuaci\u00f3n que llev\u00f3 al <strong>Intendente Cecilio Salazar<\/strong> a radicar una denuncia ante la <strong>Justicia<\/strong>.<\/p>\n\n\n\n<p>Tras una <strong>investigaci\u00f3n preliminar<\/strong>, la <strong>Fiscal Viviana Ramos<\/strong> orden\u00f3 el <strong>allanamiento<\/strong>, que se llev\u00f3 a cabo este jueves con la participaci\u00f3n de efectivos de la <strong>Estaci\u00f3n de Polic\u00eda Comunal San Pedro<\/strong>, la <strong>Direcci\u00f3n Distrital de Investigaciones<\/strong>, <strong>Polic\u00eda Cient\u00edfica<\/strong>, <strong>Polic\u00eda Ecol\u00f3gica<\/strong> y el <strong>Grupo de Apoyo Departamental<\/strong>.<\/p>\n\n\n\n<p>En el lugar se <strong>secuestraron<\/strong> grandes cantidades de <strong>nafta, cloro, aceites y jabones<\/strong>, cuya <strong>cuantificaci\u00f3n<\/strong> tomar\u00e1 varios d\u00edas. Adem\u00e1s, se confirm\u00f3 que la mercader\u00eda era comprada y vendida <strong>il\u00edcitamente<\/strong>, y se investiga si su procedencia est\u00e1 vinculada a <strong>pirater\u00eda del asfalto, contrabando u otros delitos<\/strong>.<\/p>\n\n\n\n<p>El operativo tambi\u00e9n permiti\u00f3 la <strong>incautaci\u00f3n de armas<\/strong>, entre ellas <strong>dos pistolas calibre 9 mm, un rev\u00f3lver calibre .32 y una escopeta<\/strong>.<\/p>\n\n\n\n<p>En el establecimiento se encontraba una <strong>mujer mayor<\/strong>, mientras que las autoridades contin\u00faan con la investigaci\u00f3n para identificar a los involucrados y determinar <strong>cu\u00e1nto tiempo llevaba operando el lugar<\/strong>.<\/p>\n\n\n\n<figure class=\"wp-block-image size-full\"><img decoding=\"async\" width=\"827\" height=\"630\" data-attachment-id=\"138349\" data-permalink=\"https:\/\/eldiariodesanpedro.com.ar\/sitio\/desarticulan-puerto-seco-de-comercio-ilegal-en-la-colectora-de-la-ruta-9\/puerto-seco-2\/\" data-orig-file=\"https:\/\/eldiariodesanpedro.com.ar\/sitio\/wp-content\/uploads\/2025\/03\/Puerto-seco-2.jpg\" data-orig-size=\"827,630\" data-comments-opened=\"0\" data-image-meta=\"{&quot;aperture&quot;:&quot;0&quot;,&quot;credit&quot;:&quot;&quot;,&quot;camera&quot;:&quot;&quot;,&quot;caption&quot;:&quot;&quot;,&quot;created_timestamp&quot;:&quot;0&quot;,&quot;copyright&quot;:&quot;&quot;,&quot;focal_length&quot;:&quot;0&quot;,&quot;iso&quot;:&quot;0&quot;,&quot;shutter_speed&quot;:&quot;0&quot;,&quot;title&quot;:&quot;&quot;,&quot;orientation&quot;:&quot;0&quot;}\" data-image-title=\"Puerto seco 2\" data-image-description=\"\" data-image-caption=\"\" data-large-file=\"https:\/\/eldiariodesanpedro.com.ar\/sitio\/wp-content\/uploads\/2025\/03\/Puerto-seco-2.jpg\" data-src=\"https:\/\/eldiariodesanpedro.com.ar\/sitio\/wp-content\/uploads\/2025\/03\/Puerto-seco-2.jpg\" alt=\"\" class=\"wp-image-138349 lazyload\" data-srcset=\"https:\/\/eldiariodesanpedro.com.ar\/sitio\/wp-content\/uploads\/2025\/03\/Puerto-seco-2.jpg 827w, https:\/\/eldiariodesanpedro.com.ar\/sitio\/wp-content\/uploads\/2025\/03\/Puerto-seco-2-300x229.jpg 300w, https:\/\/eldiariodesanpedro.com.ar\/sitio\/wp-content\/uploads\/2025\/03\/Puerto-seco-2-768x585.jpg 768w\" data-sizes=\"(max-width: 827px) 100vw, 827px\" src=\"data:image\/svg+xml;base64,PHN2ZyB3aWR0aD0iMSIgaGVpZ2h0PSIxIiB4bWxucz0iaHR0cDovL3d3dy53My5vcmcvMjAwMC9zdmciPjwvc3ZnPg==\" style=\"--smush-placeholder-width: 827px; --smush-placeholder-aspect-ratio: 827\/630;\" \/><\/figure>\n","protected":false},"excerpt":{"rendered":"<p>Un \u00abpuerto seco\u00bb donde se comercializaban mercader\u00edas de forma irregular fue desarticulado durante un allanamiento policial en la colectora de la Ruta 9, a la altura del kil\u00f3metro 158 (carril Rosario &#8211; Buenos Aires). Datos obtenidos por la Secretar\u00eda de Seguridad de la Municipalidad de San Pedro revelaron movimientos sospechosos que alertaron sobre el accionar [&hellip;]<\/p>\n","protected":false},"author":4,"featured_media":138348,"comment_status":"closed","ping_status":"closed","sticky":false,"template":"","format":"standard","meta":{"om_disable_all_campaigns":false,"_jetpack_memberships_contains_paid_content":false,"footnotes":""},"categories":[50,2,103],"tags":[],"class_list":["post-138347","post","type-post","status-publish","format-standard","has-post-thumbnail","hentry","category-destacadas","category-locales","category-policiales-locales"],"aioseo_notices":[],"gutentor_comment":0,"jetpack_featured_media_url":"https:\/\/eldiariodesanpedro.com.ar\/sitio\/wp-content\/uploads\/2025\/03\/Puerto-seco-1.jpeg","jetpack_shortlink":"https:\/\/wp.me\/p6RhLt-zZp","jetpack_sharing_enabled":true,"_links":{"self":[{"href":"https:\/\/eldiariodesanpedro.com.ar\/sitio\/wp-json\/wp\/v2\/posts\/138347","targetHints":{"allow":["GET"]}}],"collection":[{"href":"https:\/\/eldiariodesanpedro.com.ar\/sitio\/wp-json\/wp\/v2\/posts"}],"about":[{"href":"https:\/\/eldiariodesanpedro.com.ar\/sitio\/wp-json\/wp\/v2\/types\/post"}],"author":[{"embeddable":true,"href":"https:\/\/eldiariodesanpedro.com.ar\/sitio\/wp-json\/wp\/v2\/users\/4"}],"replies":[{"embeddable":true,"href":"https:\/\/eldiariodesanpedro.com.ar\/sitio\/wp-json\/wp\/v2\/comments?post=138347"}],"version-history":[{"count":1,"href":"https:\/\/eldiariodesanpedro.com.ar\/sitio\/wp-json\/wp\/v2\/posts\/138347\/revisions"}],"predecessor-version":[{"id":138350,"href":"https:\/\/eldiariodesanpedro.com.ar\/sitio\/wp-json\/wp\/v2\/posts\/138347\/revisions\/138350"}],"wp:featuredmedia":[{"embeddable":true,"href":"https:\/\/eldiariodesanpedro.com.ar\/sitio\/wp-json\/wp\/v2\/media\/138348"}],"wp:attachment":[{"href":"https:\/\/eldiariodesanpedro.com.ar\/sitio\/wp-json\/wp\/v2\/media?parent=138347"}],"wp:term":[{"taxonomy":"category","embeddable":true,"href":"https:\/\/eldiariodesanpedro.com.ar\/sitio\/wp-json\/wp\/v2\/categories?post=138347"},{"taxonomy":"post_tag","embeddable":true,"href":"https:\/\/eldiariodesanpedro.com.ar\/sitio\/wp-json\/wp\/v2\/tags?post=138347"}],"curies":[{"name":"wp","href":"https:\/\/api.w.org\/{rel}","templated":true}]}}