{"id":13834,"date":"2017-01-31T21:09:41","date_gmt":"2017-02-01T00:09:41","guid":{"rendered":"https:\/\/eldiariodesanpedro.com.ar\/sitio\/?p=13834"},"modified":"2026-01-24T00:39:12","modified_gmt":"2026-01-24T03:39:12","slug":"fran-lopez-comienza-su-rehabilitacion-tras-las-operaciones","status":"publish","type":"post","link":"https:\/\/eldiariodesanpedro.com.ar\/sitio\/fran-lopez-comienza-su-rehabilitacion-tras-las-operaciones\/","title":{"rendered":"\u201cFran\u201d L\u00f3pez comienza su rehabilitaci\u00f3n tras las operaciones"},"content":{"rendered":"<p><!-- VideographyWP Plugin Message: Automatic video embedding prevented by plugin options. --><br \/>\nDe a poco Francisco se recupera la grave lesi\u00f3n que sufri\u00f3 hace un mes en la \u201cprevia de fin de a\u00f1os\u201d del Club N\u00e1utico San Pedro.<\/p>\n<p>El mensaje publicado por su mam\u00e1, M\u00f3nica Otero, a trav\u00e9s de Facebook, expresa: \u201cHola a todos!!! Despu\u00e9s de un mes de internaci\u00f3n Fran fue trasladado a un centro de rehabilitaci\u00f3n, para empezar una nueva etapa de su recuperaci\u00f3n. Agradecemos enormemente el apoyo y el cari\u00f1o recibidos en este tiempo. Continuamos unidos en oraci\u00f3n por \u00e9l y por quienes tambi\u00e9n lo necesitan en este momento, confiando en que Dios nos escucha.<br \/>\nFlia Lopez\u201d.<\/p>\n<p>Cabe recordar que el joven se encontraba con un grupo de amigos y hermanas, en la previa al 31 que organiza la instituci\u00f3n. Minutos antes, seg\u00fan allegados habr\u00eda manifestado que ten\u00eda calor. En ese momento se dirige hasta el agua, se tira y comienza a sentirse mal por lo que solicita ayuda, inmediatamente lo asiste una guardavidas, la enfermera del Club y llamaron r\u00e1pido a la ambulancia. De acuerdo a la informaci\u00f3n brindada por personas que presenciaron el hecho, se habr\u00eda golpeado la cabeza cuando se meti\u00f3 al r\u00edo en la zona de Punta Pavita.<\/p>\n<p>Ante esta situaci\u00f3n, fue llevado a la cl\u00ednica San Pedro, donde luego de practicarle varios estudios, detectaron un diagn\u00f3stico delicado por lo decidieron que sea trasladado a un centro de alta complejidad.<\/p>\n<p>Cabe destacar que fue intervenido quir\u00fargicamente en varias oportunidad en forma exitosa, donde se le retir\u00f3 la v\u00e9rtebra que estaba oprimiendo la m\u00e9dula y luego se la restituy\u00f3 nuevamente.<\/p>\n","protected":false},"excerpt":{"rendered":"<p>De a poco Francisco se recupera la grave lesi\u00f3n que sufri\u00f3 hace un mes en la \u201cprevia de fin de a\u00f1os\u201d del Club N\u00e1utico San Pedro. El mensaje publicado por su mam\u00e1, M\u00f3nica Otero, a trav\u00e9s de Facebook, expresa: \u201cHola a todos!!! Despu\u00e9s de un mes de internaci\u00f3n Fran fue trasladado a un centro de [&hellip;]<\/p>\n","protected":false},"author":4,"featured_media":13850,"comment_status":"open","ping_status":"closed","sticky":false,"template":"","format":"standard","meta":{"om_disable_all_campaigns":false,"_jetpack_memberships_contains_paid_content":false,"footnotes":""},"categories":[2],"tags":[],"class_list":["post-13834","post","type-post","status-publish","format-standard","has-post-thumbnail","hentry","category-locales"],"aioseo_notices":[],"gutentor_comment":0,"jetpack_featured_media_url":"https:\/\/eldiariodesanpedro.com.ar\/sitio\/wp-content\/uploads\/2017\/01\/Francisco-Lopez.jpg","jetpack_shortlink":"https:\/\/wp.me\/p6RhLt-3B8","jetpack_sharing_enabled":true,"_links":{"self":[{"href":"https:\/\/eldiariodesanpedro.com.ar\/sitio\/wp-json\/wp\/v2\/posts\/13834","targetHints":{"allow":["GET"]}}],"collection":[{"href":"https:\/\/eldiariodesanpedro.com.ar\/sitio\/wp-json\/wp\/v2\/posts"}],"about":[{"href":"https:\/\/eldiariodesanpedro.com.ar\/sitio\/wp-json\/wp\/v2\/types\/post"}],"author":[{"embeddable":true,"href":"https:\/\/eldiariodesanpedro.com.ar\/sitio\/wp-json\/wp\/v2\/users\/4"}],"replies":[{"embeddable":true,"href":"https:\/\/eldiariodesanpedro.com.ar\/sitio\/wp-json\/wp\/v2\/comments?post=13834"}],"version-history":[{"count":1,"href":"https:\/\/eldiariodesanpedro.com.ar\/sitio\/wp-json\/wp\/v2\/posts\/13834\/revisions"}],"predecessor-version":[{"id":13851,"href":"https:\/\/eldiariodesanpedro.com.ar\/sitio\/wp-json\/wp\/v2\/posts\/13834\/revisions\/13851"}],"wp:featuredmedia":[{"embeddable":true,"href":"https:\/\/eldiariodesanpedro.com.ar\/sitio\/wp-json\/wp\/v2\/media\/13850"}],"wp:attachment":[{"href":"https:\/\/eldiariodesanpedro.com.ar\/sitio\/wp-json\/wp\/v2\/media?parent=13834"}],"wp:term":[{"taxonomy":"category","embeddable":true,"href":"https:\/\/eldiariodesanpedro.com.ar\/sitio\/wp-json\/wp\/v2\/categories?post=13834"},{"taxonomy":"post_tag","embeddable":true,"href":"https:\/\/eldiariodesanpedro.com.ar\/sitio\/wp-json\/wp\/v2\/tags?post=13834"}],"curies":[{"name":"wp","href":"https:\/\/api.w.org\/{rel}","templated":true}]}}