{"id":138339,"date":"2025-03-20T14:51:38","date_gmt":"2025-03-20T17:51:38","guid":{"rendered":"https:\/\/eldiariodesanpedro.com.ar\/sitio\/?p=138339"},"modified":"2025-03-20T14:51:42","modified_gmt":"2025-03-20T17:51:42","slug":"caso-aquiles-castanarez-en-allanamiento-la-policia-federal-secuestro-drogas-un-arma-y-dispositivos-electronicos","status":"publish","type":"post","link":"https:\/\/eldiariodesanpedro.com.ar\/sitio\/caso-aquiles-castanarez-en-allanamiento-la-policia-federal-secuestro-drogas-un-arma-y-dispositivos-electronicos\/","title":{"rendered":"Caso Aquiles Casta\u00f1arez: En allanamiento la Polic\u00eda Federal secuestr\u00f3 drogas, un arma y dispositivos electr\u00f3nicos"},"content":{"rendered":"<!-- VideographyWP Plugin Message: Automatic video embedding prevented by plugin options. -->\n\n<p>En un operativo realizado por la Polic\u00eda Federal Argentina (PFA), agentes de la Divisi\u00f3n Unidad Operativa Federal San Nicol\u00e1s, siguiendo el lineamiento del Ministerio de Seguridad Nacional, llevaron a cabo un allanamiento en una vivienda del barrio FO.NA.VI. I, de San Pedro. La medida fue ordenada en el marco de la investigaci\u00f3n por el homicidio ocurrido el 10 de febrero de 2025, cuya v\u00edctima fue Aquiles Casta\u00f1arez Mateos.<\/p>\n\n\n\n<p>El procedimiento, supervisado por la Unidad Funcional de Instrucci\u00f3n N\u00b07 de San Pedro, a cargo de la fiscal Mar\u00eda del Valle Viviani, ten\u00eda como objetivo el secuestro de dispositivos electr\u00f3nicos que pudieran aportar informaci\u00f3n clave para esclarecer el crimen.<\/p>\n\n\n\n<p>Durante la requisa, los efectivos hallaron un tel\u00e9fono celular, varias dosis de marihuana y clorhidrato de coca\u00edna fraccionadas en envoltorios de nylon, adem\u00e1s de elementos utilizados para la preparaci\u00f3n y distribuci\u00f3n de estupefacientes. Tambi\u00e9n se incaut\u00f3 una balanza digital de precisi\u00f3n y un rev\u00f3lver con municiones.<\/p>\n\n\n\n<p>El propietario de la vivienda fue notificado de las imputaciones en su contra por tenencia simple de estupefacientes y tenencia ilegal de arma de fuego de uso civil. Todo el material incautado qued\u00f3 a disposici\u00f3n de la justicia por orden judicial.<\/p>\n\n\n\n<p>La investigaci\u00f3n contin\u00faa, con la colaboraci\u00f3n entre la Polic\u00eda Federal y la Fiscal\u00eda de San Pedro, para avanzar en el esclarecimiento del homicidio.<\/p>\n\n\n\n<p>Vale recordar que hay un solo detenido acusado por el crimen del joven.<\/p>\n\n\n\n<p>\u00abDesde el Ministerio de Seguridad Nacional reafirmaron el compromiso en la lucha contra el narcotr\u00e1fico y el apoyo a las autoridades judiciales en la investigaci\u00f3n de delitos complejos\u00bb, se\u00f1alaron.<\/p>\n\n\n\n<div class=\"wp-block-jetpack-slideshow aligncenter\" data-effect=\"slide\"><div class=\"wp-block-jetpack-slideshow_container swiper-container\"><ul class=\"wp-block-jetpack-slideshow_swiper-wrapper swiper-wrapper\"><li class=\"wp-block-jetpack-slideshow_slide swiper-slide\"><figure><img decoding=\"async\" width=\"595\" height=\"418\" alt=\"\" class=\"wp-block-jetpack-slideshow_image wp-image-138341 lazyload\" data-id=\"138341\" data-src=\"https:\/\/eldiariodesanpedro.com.ar\/sitio\/wp-content\/uploads\/2025\/03\/480941010_520399451119791_1835647052012682019_n.jpg\" data-srcset=\"https:\/\/eldiariodesanpedro.com.ar\/sitio\/wp-content\/uploads\/2025\/03\/480941010_520399451119791_1835647052012682019_n.jpg 595w, https:\/\/eldiariodesanpedro.com.ar\/sitio\/wp-content\/uploads\/2025\/03\/480941010_520399451119791_1835647052012682019_n-300x211.jpg 300w\" data-sizes=\"(max-width: 595px) 100vw, 595px\" src=\"data:image\/svg+xml;base64,PHN2ZyB3aWR0aD0iMSIgaGVpZ2h0PSIxIiB4bWxucz0iaHR0cDovL3d3dy53My5vcmcvMjAwMC9zdmciPjwvc3ZnPg==\" style=\"--smush-placeholder-width: 595px; --smush-placeholder-aspect-ratio: 595\/418;\" \/><\/figure><\/li><li class=\"wp-block-jetpack-slideshow_slide swiper-slide\"><figure><img decoding=\"async\" width=\"561\" height=\"630\" alt=\"\" class=\"wp-block-jetpack-slideshow_image wp-image-138342 lazyload\" data-id=\"138342\" data-src=\"https:\/\/eldiariodesanpedro.com.ar\/sitio\/wp-content\/uploads\/2025\/03\/480967229_520399417786461_5396056293870499309_n.jpg\" data-srcset=\"https:\/\/eldiariodesanpedro.com.ar\/sitio\/wp-content\/uploads\/2025\/03\/480967229_520399417786461_5396056293870499309_n.jpg 561w, https:\/\/eldiariodesanpedro.com.ar\/sitio\/wp-content\/uploads\/2025\/03\/480967229_520399417786461_5396056293870499309_n-267x300.jpg 267w\" data-sizes=\"(max-width: 561px) 100vw, 561px\" src=\"data:image\/svg+xml;base64,PHN2ZyB3aWR0aD0iMSIgaGVpZ2h0PSIxIiB4bWxucz0iaHR0cDovL3d3dy53My5vcmcvMjAwMC9zdmciPjwvc3ZnPg==\" style=\"--smush-placeholder-width: 561px; --smush-placeholder-aspect-ratio: 561\/630;\" \/><\/figure><\/li><li class=\"wp-block-jetpack-slideshow_slide swiper-slide\"><figure><img decoding=\"async\" width=\"597\" height=\"445\" alt=\"\" class=\"wp-block-jetpack-slideshow_image wp-image-138343 lazyload\" data-id=\"138343\" data-src=\"https:\/\/eldiariodesanpedro.com.ar\/sitio\/wp-content\/uploads\/2025\/03\/480981819_520399311119805_2446937638837355911_n.jpg\" data-srcset=\"https:\/\/eldiariodesanpedro.com.ar\/sitio\/wp-content\/uploads\/2025\/03\/480981819_520399311119805_2446937638837355911_n.jpg 597w, https:\/\/eldiariodesanpedro.com.ar\/sitio\/wp-content\/uploads\/2025\/03\/480981819_520399311119805_2446937638837355911_n-300x224.jpg 300w, https:\/\/eldiariodesanpedro.com.ar\/sitio\/wp-content\/uploads\/2025\/03\/480981819_520399311119805_2446937638837355911_n-272x204.jpg 272w\" data-sizes=\"(max-width: 597px) 100vw, 597px\" src=\"data:image\/svg+xml;base64,PHN2ZyB3aWR0aD0iMSIgaGVpZ2h0PSIxIiB4bWxucz0iaHR0cDovL3d3dy53My5vcmcvMjAwMC9zdmciPjwvc3ZnPg==\" style=\"--smush-placeholder-width: 597px; --smush-placeholder-aspect-ratio: 597\/445;\" \/><\/figure><\/li><li class=\"wp-block-jetpack-slideshow_slide swiper-slide\"><figure><img decoding=\"async\" width=\"615\" height=\"440\" alt=\"\" class=\"wp-block-jetpack-slideshow_image wp-image-138344 lazyload\" data-id=\"138344\" data-src=\"https:\/\/eldiariodesanpedro.com.ar\/sitio\/wp-content\/uploads\/2025\/03\/485294821_520399344453135_3601719443096330450_n.jpg\" data-srcset=\"https:\/\/eldiariodesanpedro.com.ar\/sitio\/wp-content\/uploads\/2025\/03\/485294821_520399344453135_3601719443096330450_n.jpg 615w, https:\/\/eldiariodesanpedro.com.ar\/sitio\/wp-content\/uploads\/2025\/03\/485294821_520399344453135_3601719443096330450_n-300x215.jpg 300w\" data-sizes=\"(max-width: 615px) 100vw, 615px\" src=\"data:image\/svg+xml;base64,PHN2ZyB3aWR0aD0iMSIgaGVpZ2h0PSIxIiB4bWxucz0iaHR0cDovL3d3dy53My5vcmcvMjAwMC9zdmciPjwvc3ZnPg==\" style=\"--smush-placeholder-width: 615px; --smush-placeholder-aspect-ratio: 615\/440;\" \/><\/figure><\/li><li class=\"wp-block-jetpack-slideshow_slide swiper-slide\"><figure><img decoding=\"async\" width=\"617\" height=\"463\" alt=\"\" class=\"wp-block-jetpack-slideshow_image wp-image-138345 lazyload\" data-id=\"138345\" data-src=\"https:\/\/eldiariodesanpedro.com.ar\/sitio\/wp-content\/uploads\/2025\/03\/486114654_520399381119798_7561933996772029685_n.jpg\" data-srcset=\"https:\/\/eldiariodesanpedro.com.ar\/sitio\/wp-content\/uploads\/2025\/03\/486114654_520399381119798_7561933996772029685_n.jpg 617w, https:\/\/eldiariodesanpedro.com.ar\/sitio\/wp-content\/uploads\/2025\/03\/486114654_520399381119798_7561933996772029685_n-300x225.jpg 300w, https:\/\/eldiariodesanpedro.com.ar\/sitio\/wp-content\/uploads\/2025\/03\/486114654_520399381119798_7561933996772029685_n-272x204.jpg 272w\" data-sizes=\"(max-width: 617px) 100vw, 617px\" src=\"data:image\/svg+xml;base64,PHN2ZyB3aWR0aD0iMSIgaGVpZ2h0PSIxIiB4bWxucz0iaHR0cDovL3d3dy53My5vcmcvMjAwMC9zdmciPjwvc3ZnPg==\" style=\"--smush-placeholder-width: 617px; --smush-placeholder-aspect-ratio: 617\/463;\" \/><\/figure><\/li><\/ul><a class=\"wp-block-jetpack-slideshow_button-prev swiper-button-prev swiper-button-white\" role=\"button\"><\/a><a class=\"wp-block-jetpack-slideshow_button-next swiper-button-next swiper-button-white\" role=\"button\"><\/a><a aria-label=\"Pause Slideshow\" class=\"wp-block-jetpack-slideshow_button-pause\" role=\"button\"><\/a><div class=\"wp-block-jetpack-slideshow_pagination swiper-pagination swiper-pagination-white\"><\/div><\/div><\/div>\n","protected":false},"excerpt":{"rendered":"<p>En un operativo realizado por la Polic\u00eda Federal Argentina (PFA), agentes de la Divisi\u00f3n Unidad Operativa Federal San Nicol\u00e1s, siguiendo el lineamiento del Ministerio de Seguridad Nacional, llevaron a cabo un allanamiento en una vivienda del barrio FO.NA.VI. I, de San Pedro. La medida fue ordenada en el marco de la investigaci\u00f3n por el homicidio [&hellip;]<\/p>\n","protected":false},"author":4,"featured_media":138340,"comment_status":"closed","ping_status":"closed","sticky":false,"template":"","format":"standard","meta":{"om_disable_all_campaigns":false,"_jetpack_memberships_contains_paid_content":false,"footnotes":""},"categories":[50,2,103],"tags":[],"class_list":["post-138339","post","type-post","status-publish","format-standard","has-post-thumbnail","hentry","category-destacadas","category-locales","category-policiales-locales"],"aioseo_notices":[],"gutentor_comment":0,"jetpack_featured_media_url":"https:\/\/eldiariodesanpedro.com.ar\/sitio\/wp-content\/uploads\/2025\/03\/medida-2-38.jpg","jetpack_shortlink":"https:\/\/wp.me\/p6RhLt-zZh","jetpack_sharing_enabled":true,"_links":{"self":[{"href":"https:\/\/eldiariodesanpedro.com.ar\/sitio\/wp-json\/wp\/v2\/posts\/138339","targetHints":{"allow":["GET"]}}],"collection":[{"href":"https:\/\/eldiariodesanpedro.com.ar\/sitio\/wp-json\/wp\/v2\/posts"}],"about":[{"href":"https:\/\/eldiariodesanpedro.com.ar\/sitio\/wp-json\/wp\/v2\/types\/post"}],"author":[{"embeddable":true,"href":"https:\/\/eldiariodesanpedro.com.ar\/sitio\/wp-json\/wp\/v2\/users\/4"}],"replies":[{"embeddable":true,"href":"https:\/\/eldiariodesanpedro.com.ar\/sitio\/wp-json\/wp\/v2\/comments?post=138339"}],"version-history":[{"count":1,"href":"https:\/\/eldiariodesanpedro.com.ar\/sitio\/wp-json\/wp\/v2\/posts\/138339\/revisions"}],"predecessor-version":[{"id":138346,"href":"https:\/\/eldiariodesanpedro.com.ar\/sitio\/wp-json\/wp\/v2\/posts\/138339\/revisions\/138346"}],"wp:featuredmedia":[{"embeddable":true,"href":"https:\/\/eldiariodesanpedro.com.ar\/sitio\/wp-json\/wp\/v2\/media\/138340"}],"wp:attachment":[{"href":"https:\/\/eldiariodesanpedro.com.ar\/sitio\/wp-json\/wp\/v2\/media?parent=138339"}],"wp:term":[{"taxonomy":"category","embeddable":true,"href":"https:\/\/eldiariodesanpedro.com.ar\/sitio\/wp-json\/wp\/v2\/categories?post=138339"},{"taxonomy":"post_tag","embeddable":true,"href":"https:\/\/eldiariodesanpedro.com.ar\/sitio\/wp-json\/wp\/v2\/tags?post=138339"}],"curies":[{"name":"wp","href":"https:\/\/api.w.org\/{rel}","templated":true}]}}