{"id":138336,"date":"2025-03-20T14:31:47","date_gmt":"2025-03-20T17:31:47","guid":{"rendered":"https:\/\/eldiariodesanpedro.com.ar\/sitio\/?p=138336"},"modified":"2025-03-20T14:31:55","modified_gmt":"2025-03-20T17:31:55","slug":"detienen-a-joven-con-frondosos-antecedentes-y-pedido-de-captura-nacional","status":"publish","type":"post","link":"https:\/\/eldiariodesanpedro.com.ar\/sitio\/detienen-a-joven-con-frondosos-antecedentes-y-pedido-de-captura-nacional\/","title":{"rendered":"Detienen a joven con frondosos antecedentes y pedido de captura nacional"},"content":{"rendered":"<!-- VideographyWP Plugin Message: Automatic video embedding prevented by plugin options. -->\n\n<p>En el d\u00eda de ayer, <strong>personal policial de la comisar\u00eda local<\/strong> llev\u00f3 a cabo la <strong>detenci\u00f3n y captura<\/strong> de un joven de <strong>22 a\u00f1os con frondosos antecedentes<\/strong>, sobre quien pesaba un <strong>pedido de captura nacional<\/strong>. El procedimiento se realiz\u00f3 en <strong>Pasillo Soldado Amonacid s\/n, Barrio Las Malvinas, San Pedro<\/strong>, en cumplimiento de una <strong>orden judicial<\/strong>.<\/p>\n\n\n\n<p>El detenido est\u00e1 imputado en una causa caratulada <strong>\u00abTentativa de robo agravado por el uso de armas\u00bb<\/strong>, a solicitud del <strong>Tribunal Criminal N\u00b0 02 de San Nicol\u00e1s<\/strong>. Actualmente, permanece alojado en la dependencia policial <strong>a la espera de un cupo en una unidad penal<\/strong>.<\/p>\n","protected":false},"excerpt":{"rendered":"<p>En el d\u00eda de ayer, personal policial de la comisar\u00eda local llev\u00f3 a cabo la detenci\u00f3n y captura de un joven de 22 a\u00f1os con frondosos antecedentes, sobre quien pesaba un pedido de captura nacional. El procedimiento se realiz\u00f3 en Pasillo Soldado Amonacid s\/n, Barrio Las Malvinas, San Pedro, en cumplimiento de una orden judicial. [&hellip;]<\/p>\n","protected":false},"author":4,"featured_media":138337,"comment_status":"closed","ping_status":"closed","sticky":false,"template":"","format":"standard","meta":{"om_disable_all_campaigns":false,"_jetpack_memberships_contains_paid_content":false,"footnotes":""},"categories":[2,103],"tags":[],"class_list":["post-138336","post","type-post","status-publish","format-standard","has-post-thumbnail","hentry","category-locales","category-policiales-locales"],"aioseo_notices":[],"gutentor_comment":0,"jetpack_featured_media_url":"https:\/\/eldiariodesanpedro.com.ar\/sitio\/wp-content\/uploads\/2025\/03\/medida-2-37.jpg","jetpack_shortlink":"https:\/\/wp.me\/p6RhLt-zZe","jetpack_sharing_enabled":true,"_links":{"self":[{"href":"https:\/\/eldiariodesanpedro.com.ar\/sitio\/wp-json\/wp\/v2\/posts\/138336","targetHints":{"allow":["GET"]}}],"collection":[{"href":"https:\/\/eldiariodesanpedro.com.ar\/sitio\/wp-json\/wp\/v2\/posts"}],"about":[{"href":"https:\/\/eldiariodesanpedro.com.ar\/sitio\/wp-json\/wp\/v2\/types\/post"}],"author":[{"embeddable":true,"href":"https:\/\/eldiariodesanpedro.com.ar\/sitio\/wp-json\/wp\/v2\/users\/4"}],"replies":[{"embeddable":true,"href":"https:\/\/eldiariodesanpedro.com.ar\/sitio\/wp-json\/wp\/v2\/comments?post=138336"}],"version-history":[{"count":1,"href":"https:\/\/eldiariodesanpedro.com.ar\/sitio\/wp-json\/wp\/v2\/posts\/138336\/revisions"}],"predecessor-version":[{"id":138338,"href":"https:\/\/eldiariodesanpedro.com.ar\/sitio\/wp-json\/wp\/v2\/posts\/138336\/revisions\/138338"}],"wp:featuredmedia":[{"embeddable":true,"href":"https:\/\/eldiariodesanpedro.com.ar\/sitio\/wp-json\/wp\/v2\/media\/138337"}],"wp:attachment":[{"href":"https:\/\/eldiariodesanpedro.com.ar\/sitio\/wp-json\/wp\/v2\/media?parent=138336"}],"wp:term":[{"taxonomy":"category","embeddable":true,"href":"https:\/\/eldiariodesanpedro.com.ar\/sitio\/wp-json\/wp\/v2\/categories?post=138336"},{"taxonomy":"post_tag","embeddable":true,"href":"https:\/\/eldiariodesanpedro.com.ar\/sitio\/wp-json\/wp\/v2\/tags?post=138336"}],"curies":[{"name":"wp","href":"https:\/\/api.w.org\/{rel}","templated":true}]}}