{"id":138331,"date":"2025-03-20T13:52:30","date_gmt":"2025-03-20T16:52:30","guid":{"rendered":"https:\/\/eldiariodesanpedro.com.ar\/sitio\/?p=138331"},"modified":"2025-03-20T14:01:15","modified_gmt":"2025-03-20T17:01:15","slug":"aprehenden-a-joven-con-elementos-de-dudosa-procedencia-en-la-via-publica","status":"publish","type":"post","link":"https:\/\/eldiariodesanpedro.com.ar\/sitio\/aprehenden-a-joven-con-elementos-de-dudosa-procedencia-en-la-via-publica\/","title":{"rendered":"Aprehenden a joven con elementos de dudosa procedencia en la v\u00eda p\u00fablica"},"content":{"rendered":"<!-- VideographyWP Plugin Message: Automatic video embedding prevented by plugin options. -->\n\n<p>En la tarde de ayer, personal policial procedi\u00f3 a la <strong>detenci\u00f3n de un joven de 26 a\u00f1os<\/strong> en la intersecci\u00f3n de <strong>San Mart\u00edn y calle 64<\/strong>, mientras intentaba huir. El sujeto, quien posee <strong>frondosos antecedentes<\/strong>, ten\u00eda en su poder <strong>tres (03) varillas de hierro de construcci\u00f3n de 8.0 mm<\/strong>, cuya <strong>procedencia no pudo justificar<\/strong>. <\/p>\n\n\n\n<p>Las autoridades realizaron el secuestro del material y contin\u00faan con las investigaciones correspondientes.<\/p>\n","protected":false},"excerpt":{"rendered":"<p>En la tarde de ayer, personal policial procedi\u00f3 a la detenci\u00f3n de un joven de 26 a\u00f1os en la intersecci\u00f3n de San Mart\u00edn y calle 64, mientras intentaba huir. El sujeto, quien posee frondosos antecedentes, ten\u00eda en su poder tres (03) varillas de hierro de construcci\u00f3n de 8.0 mm, cuya procedencia no pudo justificar. Las [&hellip;]<\/p>\n","protected":false},"author":4,"featured_media":138334,"comment_status":"closed","ping_status":"closed","sticky":false,"template":"","format":"standard","meta":{"om_disable_all_campaigns":false,"_jetpack_memberships_contains_paid_content":false,"footnotes":""},"categories":[2,103],"tags":[],"class_list":["post-138331","post","type-post","status-publish","format-standard","has-post-thumbnail","hentry","category-locales","category-policiales-locales"],"aioseo_notices":[],"gutentor_comment":0,"jetpack_featured_media_url":"https:\/\/eldiariodesanpedro.com.ar\/sitio\/wp-content\/uploads\/2025\/03\/medida-2-36.jpg","jetpack_shortlink":"https:\/\/wp.me\/p6RhLt-zZ9","jetpack_sharing_enabled":true,"_links":{"self":[{"href":"https:\/\/eldiariodesanpedro.com.ar\/sitio\/wp-json\/wp\/v2\/posts\/138331","targetHints":{"allow":["GET"]}}],"collection":[{"href":"https:\/\/eldiariodesanpedro.com.ar\/sitio\/wp-json\/wp\/v2\/posts"}],"about":[{"href":"https:\/\/eldiariodesanpedro.com.ar\/sitio\/wp-json\/wp\/v2\/types\/post"}],"author":[{"embeddable":true,"href":"https:\/\/eldiariodesanpedro.com.ar\/sitio\/wp-json\/wp\/v2\/users\/4"}],"replies":[{"embeddable":true,"href":"https:\/\/eldiariodesanpedro.com.ar\/sitio\/wp-json\/wp\/v2\/comments?post=138331"}],"version-history":[{"count":1,"href":"https:\/\/eldiariodesanpedro.com.ar\/sitio\/wp-json\/wp\/v2\/posts\/138331\/revisions"}],"predecessor-version":[{"id":138333,"href":"https:\/\/eldiariodesanpedro.com.ar\/sitio\/wp-json\/wp\/v2\/posts\/138331\/revisions\/138333"}],"wp:featuredmedia":[{"embeddable":true,"href":"https:\/\/eldiariodesanpedro.com.ar\/sitio\/wp-json\/wp\/v2\/media\/138334"}],"wp:attachment":[{"href":"https:\/\/eldiariodesanpedro.com.ar\/sitio\/wp-json\/wp\/v2\/media?parent=138331"}],"wp:term":[{"taxonomy":"category","embeddable":true,"href":"https:\/\/eldiariodesanpedro.com.ar\/sitio\/wp-json\/wp\/v2\/categories?post=138331"},{"taxonomy":"post_tag","embeddable":true,"href":"https:\/\/eldiariodesanpedro.com.ar\/sitio\/wp-json\/wp\/v2\/tags?post=138331"}],"curies":[{"name":"wp","href":"https:\/\/api.w.org\/{rel}","templated":true}]}}