{"id":138326,"date":"2025-03-20T13:09:51","date_gmt":"2025-03-20T16:09:51","guid":{"rendered":"https:\/\/eldiariodesanpedro.com.ar\/sitio\/?p=138326"},"modified":"2025-03-20T13:09:54","modified_gmt":"2025-03-20T16:09:54","slug":"vuelco-de-automovil-en-ruta-1001-sin-heridos","status":"publish","type":"post","link":"https:\/\/eldiariodesanpedro.com.ar\/sitio\/vuelco-de-automovil-en-ruta-1001-sin-heridos\/","title":{"rendered":"Vuelco de autom\u00f3vil en Ruta 1001 sin heridos"},"content":{"rendered":"<!-- VideographyWP Plugin Message: Automatic video embedding prevented by plugin options. -->\n\n<p>En la ma\u00f1ana de ayer, un <strong>autom\u00f3vil Ford EcoSport<\/strong> protagoniz\u00f3 un <strong>vuelco<\/strong> en la intersecci\u00f3n de <strong>Ruta 1001 y Callej\u00f3n (El Espinillo, detr\u00e1s del complejo Sadiv)<\/strong>.<\/p>\n\n\n\n<p>El veh\u00edculo era conducido por un <strong>hombre mayor de edad<\/strong>, quien, por razones que a\u00fan se intentan establecer, <strong>perdi\u00f3 el control del rodado<\/strong>, provocando el accidente.<\/p>\n\n\n\n<p>Afortunadamente, el conductor <strong>no sufri\u00f3 lesiones<\/strong>.<\/p>\n\n\n\n<figure class=\"wp-block-image size-full is-resized\"><img decoding=\"async\" width=\"390\" height=\"219\" data-attachment-id=\"138328\" data-permalink=\"https:\/\/eldiariodesanpedro.com.ar\/sitio\/vuelco-de-automovil-en-ruta-1001-sin-heridos\/2-photoroom\/\" data-orig-file=\"https:\/\/eldiariodesanpedro.com.ar\/sitio\/wp-content\/uploads\/2025\/03\/2-Photoroom.jpg\" data-orig-size=\"390,219\" data-comments-opened=\"0\" data-image-meta=\"{&quot;aperture&quot;:&quot;0&quot;,&quot;credit&quot;:&quot;&quot;,&quot;camera&quot;:&quot;&quot;,&quot;caption&quot;:&quot;&quot;,&quot;created_timestamp&quot;:&quot;0&quot;,&quot;copyright&quot;:&quot;&quot;,&quot;focal_length&quot;:&quot;0&quot;,&quot;iso&quot;:&quot;0&quot;,&quot;shutter_speed&quot;:&quot;0&quot;,&quot;title&quot;:&quot;&quot;,&quot;orientation&quot;:&quot;0&quot;}\" data-image-title=\"2-Photoroom\" data-image-description=\"\" data-image-caption=\"\" data-large-file=\"https:\/\/eldiariodesanpedro.com.ar\/sitio\/wp-content\/uploads\/2025\/03\/2-Photoroom.jpg\" data-src=\"https:\/\/eldiariodesanpedro.com.ar\/sitio\/wp-content\/uploads\/2025\/03\/2-Photoroom.jpg\" alt=\"\" class=\"wp-image-138328 lazyload\" style=\"--smush-placeholder-width: 390px; --smush-placeholder-aspect-ratio: 390\/219;width:787px;height:auto\" data-srcset=\"https:\/\/eldiariodesanpedro.com.ar\/sitio\/wp-content\/uploads\/2025\/03\/2-Photoroom.jpg 390w, https:\/\/eldiariodesanpedro.com.ar\/sitio\/wp-content\/uploads\/2025\/03\/2-Photoroom-300x168.jpg 300w\" data-sizes=\"(max-width: 390px) 100vw, 390px\" src=\"data:image\/svg+xml;base64,PHN2ZyB3aWR0aD0iMSIgaGVpZ2h0PSIxIiB4bWxucz0iaHR0cDovL3d3dy53My5vcmcvMjAwMC9zdmciPjwvc3ZnPg==\" \/><\/figure>\n","protected":false},"excerpt":{"rendered":"<p>En la ma\u00f1ana de ayer, un autom\u00f3vil Ford EcoSport protagoniz\u00f3 un vuelco en la intersecci\u00f3n de Ruta 1001 y Callej\u00f3n (El Espinillo, detr\u00e1s del complejo Sadiv). El veh\u00edculo era conducido por un hombre mayor de edad, quien, por razones que a\u00fan se intentan establecer, perdi\u00f3 el control del rodado, provocando el accidente. Afortunadamente, el conductor [&hellip;]<\/p>\n","protected":false},"author":4,"featured_media":138329,"comment_status":"closed","ping_status":"closed","sticky":false,"template":"","format":"standard","meta":{"om_disable_all_campaigns":false,"_jetpack_memberships_contains_paid_content":false,"footnotes":""},"categories":[50,2,103],"tags":[],"class_list":["post-138326","post","type-post","status-publish","format-standard","has-post-thumbnail","hentry","category-destacadas","category-locales","category-policiales-locales"],"aioseo_notices":[],"gutentor_comment":0,"jetpack_featured_media_url":"https:\/\/eldiariodesanpedro.com.ar\/sitio\/wp-content\/uploads\/2025\/03\/medida-2-34.jpg","jetpack_shortlink":"https:\/\/wp.me\/p6RhLt-zZ4","jetpack_sharing_enabled":true,"_links":{"self":[{"href":"https:\/\/eldiariodesanpedro.com.ar\/sitio\/wp-json\/wp\/v2\/posts\/138326","targetHints":{"allow":["GET"]}}],"collection":[{"href":"https:\/\/eldiariodesanpedro.com.ar\/sitio\/wp-json\/wp\/v2\/posts"}],"about":[{"href":"https:\/\/eldiariodesanpedro.com.ar\/sitio\/wp-json\/wp\/v2\/types\/post"}],"author":[{"embeddable":true,"href":"https:\/\/eldiariodesanpedro.com.ar\/sitio\/wp-json\/wp\/v2\/users\/4"}],"replies":[{"embeddable":true,"href":"https:\/\/eldiariodesanpedro.com.ar\/sitio\/wp-json\/wp\/v2\/comments?post=138326"}],"version-history":[{"count":1,"href":"https:\/\/eldiariodesanpedro.com.ar\/sitio\/wp-json\/wp\/v2\/posts\/138326\/revisions"}],"predecessor-version":[{"id":138330,"href":"https:\/\/eldiariodesanpedro.com.ar\/sitio\/wp-json\/wp\/v2\/posts\/138326\/revisions\/138330"}],"wp:featuredmedia":[{"embeddable":true,"href":"https:\/\/eldiariodesanpedro.com.ar\/sitio\/wp-json\/wp\/v2\/media\/138329"}],"wp:attachment":[{"href":"https:\/\/eldiariodesanpedro.com.ar\/sitio\/wp-json\/wp\/v2\/media?parent=138326"}],"wp:term":[{"taxonomy":"category","embeddable":true,"href":"https:\/\/eldiariodesanpedro.com.ar\/sitio\/wp-json\/wp\/v2\/categories?post=138326"},{"taxonomy":"post_tag","embeddable":true,"href":"https:\/\/eldiariodesanpedro.com.ar\/sitio\/wp-json\/wp\/v2\/tags?post=138326"}],"curies":[{"name":"wp","href":"https:\/\/api.w.org\/{rel}","templated":true}]}}