{"id":138323,"date":"2025-03-19T22:51:00","date_gmt":"2025-03-20T01:51:00","guid":{"rendered":"https:\/\/eldiariodesanpedro.com.ar\/sitio\/?p=138323"},"modified":"2025-03-19T23:00:43","modified_gmt":"2025-03-20T02:00:43","slug":"edicto-de-benigno-albencio-nocito-del-cementerio-de-baradero","status":"publish","type":"post","link":"https:\/\/eldiariodesanpedro.com.ar\/sitio\/edicto-de-benigno-albencio-nocito-del-cementerio-de-baradero\/","title":{"rendered":"Edicto de Benigno Albencio Nocito del cementerio de Baradero"},"content":{"rendered":"<!-- VideographyWP Plugin Message: Automatic video embedding prevented by plugin options. -->\n\n<p class=\"has-text-align-right\">Baradero, 19 de marzo de 2025.-<\/p>\n\n\n\n<p class=\"has-text-align-center\"><strong><u>EDICTO<\/u><\/strong><\/p>\n\n\n\n<p>MUNICIPALIDAD DE BARADERO cita y emplaza por treinta (30) d\u00edas a quienes se consideren con derecho sobre el Nicho ubicado en la Secci\u00f3n C, Tabl\u00f3n 2, cuya titularidad figura a nombre del Sr. Benigno Albencio NOCITO, seg\u00fan consta en el Libro 7, Folio 71 del Cementerio Local.-<\/p>\n\n\n\n<p>(Publicaci\u00f3n V\u00e1lida para el d\u00edas 19, 20 de marzo de 2025)<\/p>\n","protected":false},"excerpt":{"rendered":"<p>Baradero, 19 de marzo de 2025.- EDICTO MUNICIPALIDAD DE BARADERO cita y emplaza por treinta (30) d\u00edas a quienes se consideren con derecho sobre el Nicho ubicado en la Secci\u00f3n C, Tabl\u00f3n 2, cuya titularidad figura a nombre del Sr. Benigno Albencio NOCITO, seg\u00fan consta en el Libro 7, Folio 71 del Cementerio Local.- (Publicaci\u00f3n [&hellip;]<\/p>\n","protected":false},"author":4,"featured_media":102746,"comment_status":"closed","ping_status":"closed","sticky":false,"template":"","format":"standard","meta":{"om_disable_all_campaigns":false,"_jetpack_memberships_contains_paid_content":false,"footnotes":""},"categories":[676,1124],"tags":[],"class_list":["post-138323","post","type-post","status-publish","format-standard","has-post-thumbnail","hentry","category-edictos","category-edictos-especiales"],"aioseo_notices":[],"gutentor_comment":0,"jetpack_featured_media_url":"https:\/\/eldiariodesanpedro.com.ar\/sitio\/wp-content\/uploads\/2022\/01\/EDICTO.jpg","jetpack_shortlink":"https:\/\/wp.me\/p6RhLt-zZ1","jetpack_sharing_enabled":true,"_links":{"self":[{"href":"https:\/\/eldiariodesanpedro.com.ar\/sitio\/wp-json\/wp\/v2\/posts\/138323","targetHints":{"allow":["GET"]}}],"collection":[{"href":"https:\/\/eldiariodesanpedro.com.ar\/sitio\/wp-json\/wp\/v2\/posts"}],"about":[{"href":"https:\/\/eldiariodesanpedro.com.ar\/sitio\/wp-json\/wp\/v2\/types\/post"}],"author":[{"embeddable":true,"href":"https:\/\/eldiariodesanpedro.com.ar\/sitio\/wp-json\/wp\/v2\/users\/4"}],"replies":[{"embeddable":true,"href":"https:\/\/eldiariodesanpedro.com.ar\/sitio\/wp-json\/wp\/v2\/comments?post=138323"}],"version-history":[{"count":2,"href":"https:\/\/eldiariodesanpedro.com.ar\/sitio\/wp-json\/wp\/v2\/posts\/138323\/revisions"}],"predecessor-version":[{"id":138325,"href":"https:\/\/eldiariodesanpedro.com.ar\/sitio\/wp-json\/wp\/v2\/posts\/138323\/revisions\/138325"}],"wp:featuredmedia":[{"embeddable":true,"href":"https:\/\/eldiariodesanpedro.com.ar\/sitio\/wp-json\/wp\/v2\/media\/102746"}],"wp:attachment":[{"href":"https:\/\/eldiariodesanpedro.com.ar\/sitio\/wp-json\/wp\/v2\/media?parent=138323"}],"wp:term":[{"taxonomy":"category","embeddable":true,"href":"https:\/\/eldiariodesanpedro.com.ar\/sitio\/wp-json\/wp\/v2\/categories?post=138323"},{"taxonomy":"post_tag","embeddable":true,"href":"https:\/\/eldiariodesanpedro.com.ar\/sitio\/wp-json\/wp\/v2\/tags?post=138323"}],"curies":[{"name":"wp","href":"https:\/\/api.w.org\/{rel}","templated":true}]}}