{"id":13824,"date":"2017-01-31T10:49:35","date_gmt":"2017-01-31T13:49:35","guid":{"rendered":"https:\/\/eldiariodesanpedro.com.ar\/sitio\/?p=13824"},"modified":"2017-01-31T10:49:35","modified_gmt":"2017-01-31T13:49:35","slug":"repavimentacion-de-crucero-general-belgrano","status":"publish","type":"post","link":"https:\/\/eldiariodesanpedro.com.ar\/sitio\/repavimentacion-de-crucero-general-belgrano\/","title":{"rendered":"Repavimentaci\u00f3n de Crucero General Belgrano"},"content":{"rendered":"<p><!-- VideographyWP Plugin Message: Automatic video embedding prevented by plugin options. --><br \/>\nLa municipalidad informa que avanzan los trabajos sobre los accesos a San Pedro, las maquinarias ya trabajan sobre Crucero General Belgrano en el cruce con Avenida 3 de Febrero por lo que se solicita a la poblaci\u00f3n que circulen por la zona con precauci\u00f3n y respetando las normas de tr\u00e1nsito.<\/p>\n","protected":false},"excerpt":{"rendered":"<p>La municipalidad informa que avanzan los trabajos sobre los accesos a San Pedro, las maquinarias ya trabajan sobre Crucero General Belgrano en el cruce con Avenida 3 de Febrero por lo que se solicita a la poblaci\u00f3n que circulen por la zona con precauci\u00f3n y respetando las normas de tr\u00e1nsito.<\/p>\n","protected":false},"author":4,"featured_media":13825,"comment_status":"open","ping_status":"closed","sticky":false,"template":"","format":"standard","meta":{"om_disable_all_campaigns":false,"_jetpack_memberships_contains_paid_content":false,"footnotes":""},"categories":[101,2],"tags":[],"class_list":["post-13824","post","type-post","status-publish","format-standard","has-post-thumbnail","hentry","category-interes-general-locales","category-locales"],"aioseo_notices":[],"gutentor_comment":0,"jetpack_featured_media_url":"https:\/\/eldiariodesanpedro.com.ar\/sitio\/wp-content\/uploads\/2017\/01\/1-2.jpg","jetpack_shortlink":"https:\/\/wp.me\/p6RhLt-3AY","jetpack_sharing_enabled":true,"_links":{"self":[{"href":"https:\/\/eldiariodesanpedro.com.ar\/sitio\/wp-json\/wp\/v2\/posts\/13824","targetHints":{"allow":["GET"]}}],"collection":[{"href":"https:\/\/eldiariodesanpedro.com.ar\/sitio\/wp-json\/wp\/v2\/posts"}],"about":[{"href":"https:\/\/eldiariodesanpedro.com.ar\/sitio\/wp-json\/wp\/v2\/types\/post"}],"author":[{"embeddable":true,"href":"https:\/\/eldiariodesanpedro.com.ar\/sitio\/wp-json\/wp\/v2\/users\/4"}],"replies":[{"embeddable":true,"href":"https:\/\/eldiariodesanpedro.com.ar\/sitio\/wp-json\/wp\/v2\/comments?post=13824"}],"version-history":[{"count":1,"href":"https:\/\/eldiariodesanpedro.com.ar\/sitio\/wp-json\/wp\/v2\/posts\/13824\/revisions"}],"predecessor-version":[{"id":13826,"href":"https:\/\/eldiariodesanpedro.com.ar\/sitio\/wp-json\/wp\/v2\/posts\/13824\/revisions\/13826"}],"wp:featuredmedia":[{"embeddable":true,"href":"https:\/\/eldiariodesanpedro.com.ar\/sitio\/wp-json\/wp\/v2\/media\/13825"}],"wp:attachment":[{"href":"https:\/\/eldiariodesanpedro.com.ar\/sitio\/wp-json\/wp\/v2\/media?parent=13824"}],"wp:term":[{"taxonomy":"category","embeddable":true,"href":"https:\/\/eldiariodesanpedro.com.ar\/sitio\/wp-json\/wp\/v2\/categories?post=13824"},{"taxonomy":"post_tag","embeddable":true,"href":"https:\/\/eldiariodesanpedro.com.ar\/sitio\/wp-json\/wp\/v2\/tags?post=13824"}],"curies":[{"name":"wp","href":"https:\/\/api.w.org\/{rel}","templated":true}]}}