{"id":13816,"date":"2017-01-30T21:26:04","date_gmt":"2017-01-31T00:26:04","guid":{"rendered":"https:\/\/eldiariodesanpedro.com.ar\/sitio\/?p=13816"},"modified":"2026-01-24T00:31:09","modified_gmt":"2026-01-24T03:31:09","slug":"padel-culmino-un-nuevo-torneo-en-el-club-pescadores","status":"publish","type":"post","link":"https:\/\/eldiariodesanpedro.com.ar\/sitio\/padel-culmino-un-nuevo-torneo-en-el-club-pescadores\/","title":{"rendered":"PADEL: Culmin\u00f3 un nuevo torneo en el club Pescadores"},"content":{"rendered":"<p><!-- VideographyWP Plugin Message: Automatic video embedding prevented by plugin options. --><br \/>\nDurante la jornada del s\u00e1bado en la cancha del club \u201cribere\u00f1o\u201d se llev\u00f3 a cabo un torneo con los mejores exponentes del Padel y acompa\u00f1ado por una buena concurrencia de p\u00fablico. La dupla ganadora fue la compuesta por  Ariel Marcico y Marcos Moreno. La subcomisi\u00f3n de Padel y tenis del club tiene previsto llevar a cavo varios cert\u00e1menes m\u00e1s durante la temporada 2017, como as\u00ed tambi\u00e9n de tenis.<\/p>\n","protected":false},"excerpt":{"rendered":"<p>Durante la jornada del s\u00e1bado en la cancha del club \u201cribere\u00f1o\u201d se llev\u00f3 a cabo un torneo con los mejores exponentes del Padel y acompa\u00f1ado por una buena concurrencia de p\u00fablico. La dupla ganadora fue la compuesta por Ariel Marcico y Marcos Moreno. La subcomisi\u00f3n de Padel y tenis del club tiene previsto llevar a [&hellip;]<\/p>\n","protected":false},"author":4,"featured_media":13817,"comment_status":"open","ping_status":"closed","sticky":false,"template":"","format":"standard","meta":{"om_disable_all_campaigns":false,"_jetpack_memberships_contains_paid_content":false,"footnotes":""},"categories":[5],"tags":[],"class_list":["post-13816","post","type-post","status-publish","format-standard","has-post-thumbnail","hentry","category-deportes"],"aioseo_notices":[],"gutentor_comment":0,"jetpack_featured_media_url":"https:\/\/eldiariodesanpedro.com.ar\/sitio\/wp-content\/uploads\/2017\/01\/La-dupla-ganadora-Ariel-Marcico-Marcos-Moreno.jpg","jetpack_shortlink":"https:\/\/wp.me\/p6RhLt-3AQ","jetpack_sharing_enabled":true,"_links":{"self":[{"href":"https:\/\/eldiariodesanpedro.com.ar\/sitio\/wp-json\/wp\/v2\/posts\/13816","targetHints":{"allow":["GET"]}}],"collection":[{"href":"https:\/\/eldiariodesanpedro.com.ar\/sitio\/wp-json\/wp\/v2\/posts"}],"about":[{"href":"https:\/\/eldiariodesanpedro.com.ar\/sitio\/wp-json\/wp\/v2\/types\/post"}],"author":[{"embeddable":true,"href":"https:\/\/eldiariodesanpedro.com.ar\/sitio\/wp-json\/wp\/v2\/users\/4"}],"replies":[{"embeddable":true,"href":"https:\/\/eldiariodesanpedro.com.ar\/sitio\/wp-json\/wp\/v2\/comments?post=13816"}],"version-history":[{"count":1,"href":"https:\/\/eldiariodesanpedro.com.ar\/sitio\/wp-json\/wp\/v2\/posts\/13816\/revisions"}],"predecessor-version":[{"id":13818,"href":"https:\/\/eldiariodesanpedro.com.ar\/sitio\/wp-json\/wp\/v2\/posts\/13816\/revisions\/13818"}],"wp:featuredmedia":[{"embeddable":true,"href":"https:\/\/eldiariodesanpedro.com.ar\/sitio\/wp-json\/wp\/v2\/media\/13817"}],"wp:attachment":[{"href":"https:\/\/eldiariodesanpedro.com.ar\/sitio\/wp-json\/wp\/v2\/media?parent=13816"}],"wp:term":[{"taxonomy":"category","embeddable":true,"href":"https:\/\/eldiariodesanpedro.com.ar\/sitio\/wp-json\/wp\/v2\/categories?post=13816"},{"taxonomy":"post_tag","embeddable":true,"href":"https:\/\/eldiariodesanpedro.com.ar\/sitio\/wp-json\/wp\/v2\/tags?post=13816"}],"curies":[{"name":"wp","href":"https:\/\/api.w.org\/{rel}","templated":true}]}}