{"id":13801,"date":"2017-01-30T21:14:34","date_gmt":"2017-01-31T00:14:34","guid":{"rendered":"https:\/\/eldiariodesanpedro.com.ar\/sitio\/?p=13801"},"modified":"2017-01-30T21:14:34","modified_gmt":"2017-01-31T00:14:34","slug":"una-empresa-de-logistica-para-cargas-generales-de-importacion-y-exportacion-se-instalaria-en-el-partido-de-ramallo","status":"publish","type":"post","link":"https:\/\/eldiariodesanpedro.com.ar\/sitio\/una-empresa-de-logistica-para-cargas-generales-de-importacion-y-exportacion-se-instalaria-en-el-partido-de-ramallo\/","title":{"rendered":"Una empresa de log\u00edstica para cargas generales de importaci\u00f3n y exportaci\u00f3n se Instalar\u00eda en el partido de Ramallo"},"content":{"rendered":"<p><!-- VideographyWP Plugin Message: Automatic video embedding prevented by plugin options. --><br \/>\nEl concejal del FpV, Ricardo Belos, junto a Sergio Rom\u00e1 y Elvio Zanazzi, estuvo recorriendo la planta que la empresa tiene en San Nicol\u00e1s. En esa visita, pudieron observar c\u00f3mo se manipulan y envasan los fertilizantes y el sistema de seguridad que la empresa utiliza para controlar las emisiones.<\/p>\n<p>Ser\u00e1 otro de los temas de discusi\u00f3n de la asamblea del 31 de enero en el Concejo Deliberante. La empresa Moviport, tiene intenciones de asentarse en el partido de Ramallo. Su deseo de hacerlo en una zona pr\u00f3xima a la Autopista Nacional N\u00b09 a la altura de Villa Ramallo, es un problema, ya que esa zona no est\u00e1 habilitada para esos fines industriales; los concejales deber\u00edan aprobar un cambio de zonificaci\u00f3n.<\/p>\n<p>  El concejal, Ricardo Belos, se coment\u00f3 en radio Meta, la visita que los concejales oficialistas hicieron a la planta que la firma tiene en San Nicol\u00e1s. \u201cHubi\u00e9semos querido que vaya todo el cuerpo de concejales, pero los que fuimos, vimos c\u00f3mo se trabaja, como se manipula y se envasa. Ellos tienen los fertilizantes en celdas, que son galpones cerrados que tienen una dimensi\u00f3n bastante importante: 30 o 40 metros de ancho por 70 u 80 de largo. Lo que vimos, es que ese polvillo que manipulan, no alcanza a salir fuera del galp\u00f3n. No hay celdas a cielo abierto, porque nos explicaron que el material almacenado no se puede mojar\u201d. Tambi\u00e9n coment\u00f3 que disponen de un sistema de seguridad que les permite saber si est\u00e1n contaminando. \u201cLos resultados de las tomas de las part\u00edculas que hay en el aire, lo hace la UTN (Universidad Tecnol\u00f3gica Nacional) de San Nicol\u00e1s. Nunca andan en los l\u00edmites de lo permitido. Si es habilitado para ponerse en Ramallo, van a instalar estos mismos elementos de control de las part\u00edculas que hay en el aire. A nosotros nos pareci\u00f3 viable\u201d. (http:\/\/www.metafm.com.ar)<\/p>\n","protected":false},"excerpt":{"rendered":"<p>El concejal del FpV, Ricardo Belos, junto a Sergio Rom\u00e1 y Elvio Zanazzi, estuvo recorriendo la planta que la empresa tiene en San Nicol\u00e1s. En esa visita, pudieron observar c\u00f3mo se manipulan y envasan los fertilizantes y el sistema de seguridad que la empresa utiliza para controlar las emisiones. Ser\u00e1 otro de los temas de [&hellip;]<\/p>\n","protected":false},"author":4,"featured_media":13803,"comment_status":"open","ping_status":"closed","sticky":false,"template":"","format":"standard","meta":{"om_disable_all_campaigns":false,"_jetpack_memberships_contains_paid_content":false,"footnotes":""},"categories":[621],"tags":[],"class_list":["post-13801","post","type-post","status-publish","format-standard","has-post-thumbnail","hentry","category-regionales"],"aioseo_notices":[],"gutentor_comment":0,"jetpack_featured_media_url":"https:\/\/eldiariodesanpedro.com.ar\/sitio\/wp-content\/uploads\/2017\/01\/descarga.jpg","jetpack_shortlink":"https:\/\/wp.me\/p6RhLt-3AB","jetpack_sharing_enabled":true,"_links":{"self":[{"href":"https:\/\/eldiariodesanpedro.com.ar\/sitio\/wp-json\/wp\/v2\/posts\/13801","targetHints":{"allow":["GET"]}}],"collection":[{"href":"https:\/\/eldiariodesanpedro.com.ar\/sitio\/wp-json\/wp\/v2\/posts"}],"about":[{"href":"https:\/\/eldiariodesanpedro.com.ar\/sitio\/wp-json\/wp\/v2\/types\/post"}],"author":[{"embeddable":true,"href":"https:\/\/eldiariodesanpedro.com.ar\/sitio\/wp-json\/wp\/v2\/users\/4"}],"replies":[{"embeddable":true,"href":"https:\/\/eldiariodesanpedro.com.ar\/sitio\/wp-json\/wp\/v2\/comments?post=13801"}],"version-history":[{"count":1,"href":"https:\/\/eldiariodesanpedro.com.ar\/sitio\/wp-json\/wp\/v2\/posts\/13801\/revisions"}],"predecessor-version":[{"id":13804,"href":"https:\/\/eldiariodesanpedro.com.ar\/sitio\/wp-json\/wp\/v2\/posts\/13801\/revisions\/13804"}],"wp:featuredmedia":[{"embeddable":true,"href":"https:\/\/eldiariodesanpedro.com.ar\/sitio\/wp-json\/wp\/v2\/media\/13803"}],"wp:attachment":[{"href":"https:\/\/eldiariodesanpedro.com.ar\/sitio\/wp-json\/wp\/v2\/media?parent=13801"}],"wp:term":[{"taxonomy":"category","embeddable":true,"href":"https:\/\/eldiariodesanpedro.com.ar\/sitio\/wp-json\/wp\/v2\/categories?post=13801"},{"taxonomy":"post_tag","embeddable":true,"href":"https:\/\/eldiariodesanpedro.com.ar\/sitio\/wp-json\/wp\/v2\/tags?post=13801"}],"curies":[{"name":"wp","href":"https:\/\/api.w.org\/{rel}","templated":true}]}}