{"id":13796,"date":"2017-01-30T21:05:25","date_gmt":"2017-01-31T00:05:25","guid":{"rendered":"https:\/\/eldiariodesanpedro.com.ar\/sitio\/?p=13796"},"modified":"2017-01-30T21:05:25","modified_gmt":"2017-01-31T00:05:25","slug":"las-perdidas-en-el-galpon-de-empaque-de-alsina-fueron-totales","status":"publish","type":"post","link":"https:\/\/eldiariodesanpedro.com.ar\/sitio\/las-perdidas-en-el-galpon-de-empaque-de-alsina-fueron-totales\/","title":{"rendered":"Las p\u00e9rdidas en el galp\u00f3n de empaque de Alsina fueron totales"},"content":{"rendered":"<p><!-- VideographyWP Plugin Message: Automatic video embedding prevented by plugin options. --><br \/>\nLa empresa Magnifresh S.A., cuya planta est\u00e1 ubicada en el acceso a la localidad de Alsina, conocida como Cauqu\u00e9n, se incendi\u00f3 anoche por un desperfecto el\u00e9ctrico y las p\u00e9rdidas fueron totales. No hubo v\u00edctimas.<\/p>\n<p>Magnifresh S.A. es una de las fuentes de trabajo m\u00e1s importantes que tiene Alsina por lo que adem\u00e1s de los da\u00f1os materiales es preocupante que pasar\u00e1 con los empleados que extraoficialmente llegar\u00edan a los 180.<\/p>\n<p>En diciembre del a\u00f1o 2012 la Firma Frutales sufri\u00f3 en unos de sus galpones de Bonorino y Zanuccoli un terrible siniestro que demand\u00f3 un arduo trabajo de los Bomberos Voluntarios poder sofocarlo. Ahora, otra empresa de los mismos capitales sampedrinos sufri\u00f3 una situaci\u00f3n similar con p\u00e9rdidas totales.<\/p>\n<p>Esta empresa se dedica a la selecci\u00f3n, empaque y conservaci\u00f3n de frutas, contaba con maquinas de \u00faltima generaci\u00f3n para la selecci\u00f3n, el empaquetamiento e importantes c\u00e1maras frigor\u00edficas para la conservaci\u00f3n de la mercader\u00eda destinada al mercado interno y externo.<\/p>\n<p>El Comisario Diego Martinez, a cargo de la Polic\u00eda Comunal, inform\u00f3 al respecto del siniestro: \u201cEl Domingo aproximadamente a la 01:00hs. El portero de la planta observa que de uno de los galpones sal\u00eda humo, por lo que se acerca al lugar observando que la caja el\u00e9ctrica ard\u00eda en llamas. R\u00e1pidamente da aviso a bomberos de Alsina, pero las llamas se expandieron velozmente y abarcaron la totalidad de la estructura.<\/p>\n<p>Bomberos de Baradero llegaron en colaboraci\u00f3n pudi\u00e9ndose dominar las llamas pero para ese entonces todo estaba calcinado.<\/p>\n<p>En el horario que se produjo el incendio solo estaba el portero. Actualmente est\u00e1 suspendido el ingreso a todo tipo de personas porque existe el riesgo de derrumbe de la estructura quemada.<\/p>\n<p>La mercader\u00eda se perdi\u00f3 y las m\u00e1quinas quedaron irrecuperables\u201d. Expres\u00f3 el Jefe Policial.<\/p>\n<p>Por su parte Bomberos Voluntarios, en su muro de facebook acompa\u00f1aron las fotos con el siguiente texto informativo sobre la labor desarrollada por la instituci\u00f3n; \u201cA las 01:30hs aproximadamente del domingo 29 de enero Bomberos Voluntarios Baradero fue alertado por incendio de la planta de empaque Cauqu\u00e9n.<\/p>\n<p>Trabajaron en el lugar m\u00f3vil 24 de Destacamento N \u00b0 1 Alsina y m\u00f3viles 20 , 21, 28, 31 y 29 de cuartel central.<br \/>\nTambi\u00e9n prestaron colaboraci\u00f3n Bomberos Voluntarios de San Pedro y Bomberos Voluntarios de Lima\u201d. (Baradero Te Informa)<\/p>\n","protected":false},"excerpt":{"rendered":"<p>La empresa Magnifresh S.A., cuya planta est\u00e1 ubicada en el acceso a la localidad de Alsina, conocida como Cauqu\u00e9n, se incendi\u00f3 anoche por un desperfecto el\u00e9ctrico y las p\u00e9rdidas fueron totales. No hubo v\u00edctimas. Magnifresh S.A. es una de las fuentes de trabajo m\u00e1s importantes que tiene Alsina por lo que adem\u00e1s de los da\u00f1os [&hellip;]<\/p>\n","protected":false},"author":4,"featured_media":13798,"comment_status":"open","ping_status":"closed","sticky":false,"template":"","format":"standard","meta":{"om_disable_all_campaigns":false,"_jetpack_memberships_contains_paid_content":false,"footnotes":""},"categories":[621],"tags":[],"class_list":["post-13796","post","type-post","status-publish","format-standard","has-post-thumbnail","hentry","category-regionales"],"aioseo_notices":[],"gutentor_comment":0,"jetpack_featured_media_url":"https:\/\/eldiariodesanpedro.com.ar\/sitio\/wp-content\/uploads\/2017\/01\/La-triste-postal-tras-el-incendio.jpg","jetpack_shortlink":"https:\/\/wp.me\/p6RhLt-3Aw","jetpack_sharing_enabled":true,"_links":{"self":[{"href":"https:\/\/eldiariodesanpedro.com.ar\/sitio\/wp-json\/wp\/v2\/posts\/13796","targetHints":{"allow":["GET"]}}],"collection":[{"href":"https:\/\/eldiariodesanpedro.com.ar\/sitio\/wp-json\/wp\/v2\/posts"}],"about":[{"href":"https:\/\/eldiariodesanpedro.com.ar\/sitio\/wp-json\/wp\/v2\/types\/post"}],"author":[{"embeddable":true,"href":"https:\/\/eldiariodesanpedro.com.ar\/sitio\/wp-json\/wp\/v2\/users\/4"}],"replies":[{"embeddable":true,"href":"https:\/\/eldiariodesanpedro.com.ar\/sitio\/wp-json\/wp\/v2\/comments?post=13796"}],"version-history":[{"count":1,"href":"https:\/\/eldiariodesanpedro.com.ar\/sitio\/wp-json\/wp\/v2\/posts\/13796\/revisions"}],"predecessor-version":[{"id":13799,"href":"https:\/\/eldiariodesanpedro.com.ar\/sitio\/wp-json\/wp\/v2\/posts\/13796\/revisions\/13799"}],"wp:featuredmedia":[{"embeddable":true,"href":"https:\/\/eldiariodesanpedro.com.ar\/sitio\/wp-json\/wp\/v2\/media\/13798"}],"wp:attachment":[{"href":"https:\/\/eldiariodesanpedro.com.ar\/sitio\/wp-json\/wp\/v2\/media?parent=13796"}],"wp:term":[{"taxonomy":"category","embeddable":true,"href":"https:\/\/eldiariodesanpedro.com.ar\/sitio\/wp-json\/wp\/v2\/categories?post=13796"},{"taxonomy":"post_tag","embeddable":true,"href":"https:\/\/eldiariodesanpedro.com.ar\/sitio\/wp-json\/wp\/v2\/tags?post=13796"}],"curies":[{"name":"wp","href":"https:\/\/api.w.org\/{rel}","templated":true}]}}