{"id":13793,"date":"2017-01-30T21:01:50","date_gmt":"2017-01-31T00:01:50","guid":{"rendered":"https:\/\/eldiariodesanpedro.com.ar\/sitio\/?p=13793"},"modified":"2026-01-24T00:39:12","modified_gmt":"2026-01-24T03:39:12","slug":"la-importancia-de-la-certificacion-de-servicios-para-iniciar-la-jubilacion-2","status":"publish","type":"post","link":"https:\/\/eldiariodesanpedro.com.ar\/sitio\/la-importancia-de-la-certificacion-de-servicios-para-iniciar-la-jubilacion-2\/","title":{"rendered":"La importancia de la Certificaci\u00f3n de Servicios para iniciar la jubilaci\u00f3n"},"content":{"rendered":"<p><!-- VideographyWP Plugin Message: Automatic video embedding prevented by plugin options. --><br \/>\nLa ANSES recuerda a todos los trabajadores que, al culminar la relaci\u00f3n laboral, deben exigir a su contratante la Certificaci\u00f3n de Servicios y Remuneraciones, que demuestra los servicios prestados y los salarios percibidos en los per\u00edodos trabajados en relaci\u00f3n de dependencia, documentaci\u00f3n necesaria para realizar el futuro tr\u00e1mite jubilatorio. Tambi\u00e9n pueden solicitarla en cualquier momento.<\/p>\n<p>En los casos de cese de la relaci\u00f3n laboral, el empleador deber\u00e1 entregar la certificaci\u00f3n dentro de los 30 d\u00edas corridos a partir de la fecha de extinci\u00f3n del contrato de trabajo. Si no lo hiciese y el trabajador lo intimara de modo fehaciente a extender la certificaci\u00f3n en cuesti\u00f3n, el empleador contar\u00e1 con un plazo de 2 d\u00edas h\u00e1biles computados a partir del d\u00eda siguiente al de la recepci\u00f3n de la intimaci\u00f3n. <\/p>\n<p>Los calendarios de pagos de todas las prestaciones pueden consultarse en www.anses.gob.ar.<\/p>\n","protected":false},"excerpt":{"rendered":"<p>La ANSES recuerda a todos los trabajadores que, al culminar la relaci\u00f3n laboral, deben exigir a su contratante la Certificaci\u00f3n de Servicios y Remuneraciones, que demuestra los servicios prestados y los salarios percibidos en los per\u00edodos trabajados en relaci\u00f3n de dependencia, documentaci\u00f3n necesaria para realizar el futuro tr\u00e1mite jubilatorio. Tambi\u00e9n pueden solicitarla en cualquier momento. [&hellip;]<\/p>\n","protected":false},"author":4,"featured_media":5359,"comment_status":"open","ping_status":"closed","sticky":false,"template":"","format":"standard","meta":{"om_disable_all_campaigns":false,"_jetpack_memberships_contains_paid_content":false,"footnotes":""},"categories":[2],"tags":[],"class_list":["post-13793","post","type-post","status-publish","format-standard","has-post-thumbnail","hentry","category-locales"],"aioseo_notices":[],"gutentor_comment":0,"jetpack_featured_media_url":"https:\/\/eldiariodesanpedro.com.ar\/sitio\/wp-content\/uploads\/2016\/06\/anses.jpg","jetpack_shortlink":"https:\/\/wp.me\/p6RhLt-3At","jetpack_sharing_enabled":true,"_links":{"self":[{"href":"https:\/\/eldiariodesanpedro.com.ar\/sitio\/wp-json\/wp\/v2\/posts\/13793","targetHints":{"allow":["GET"]}}],"collection":[{"href":"https:\/\/eldiariodesanpedro.com.ar\/sitio\/wp-json\/wp\/v2\/posts"}],"about":[{"href":"https:\/\/eldiariodesanpedro.com.ar\/sitio\/wp-json\/wp\/v2\/types\/post"}],"author":[{"embeddable":true,"href":"https:\/\/eldiariodesanpedro.com.ar\/sitio\/wp-json\/wp\/v2\/users\/4"}],"replies":[{"embeddable":true,"href":"https:\/\/eldiariodesanpedro.com.ar\/sitio\/wp-json\/wp\/v2\/comments?post=13793"}],"version-history":[{"count":1,"href":"https:\/\/eldiariodesanpedro.com.ar\/sitio\/wp-json\/wp\/v2\/posts\/13793\/revisions"}],"predecessor-version":[{"id":13794,"href":"https:\/\/eldiariodesanpedro.com.ar\/sitio\/wp-json\/wp\/v2\/posts\/13793\/revisions\/13794"}],"wp:featuredmedia":[{"embeddable":true,"href":"https:\/\/eldiariodesanpedro.com.ar\/sitio\/wp-json\/wp\/v2\/media\/5359"}],"wp:attachment":[{"href":"https:\/\/eldiariodesanpedro.com.ar\/sitio\/wp-json\/wp\/v2\/media?parent=13793"}],"wp:term":[{"taxonomy":"category","embeddable":true,"href":"https:\/\/eldiariodesanpedro.com.ar\/sitio\/wp-json\/wp\/v2\/categories?post=13793"},{"taxonomy":"post_tag","embeddable":true,"href":"https:\/\/eldiariodesanpedro.com.ar\/sitio\/wp-json\/wp\/v2\/tags?post=13793"}],"curies":[{"name":"wp","href":"https:\/\/api.w.org\/{rel}","templated":true}]}}