{"id":13790,"date":"2017-01-30T20:59:03","date_gmt":"2017-01-30T23:59:03","guid":{"rendered":"https:\/\/eldiariodesanpedro.com.ar\/sitio\/?p=13790"},"modified":"2017-01-30T20:59:03","modified_gmt":"2017-01-30T23:59:03","slug":"gutierrez-sobre-la-problematica-del-consumo-de-droga-en-la-ciudad-es-un-problema-preocupante","status":"publish","type":"post","link":"https:\/\/eldiariodesanpedro.com.ar\/sitio\/gutierrez-sobre-la-problematica-del-consumo-de-droga-en-la-ciudad-es-un-problema-preocupante\/","title":{"rendered":"Guti\u00e9rrez sobre la problem\u00e1tica del consumo de droga en la ciudad: \u00abEs un problema preocupante\u00bb"},"content":{"rendered":"<p><!-- VideographyWP Plugin Message: Automatic video embedding prevented by plugin options. --><br \/>\nLa semana pasada, con el arribo a la ciudad del Ministro de Seguridad Cristi\u00e1n Ritondo, integrantes del Foro de Seguridad tuvieron la oportunidad de participar de un encuentro con \u00e9l.<\/p>\n<p>Su presidente, Juan Guti\u00e9rrez, a trav\u00e9s \u201cSomos Noticias\u201d cont\u00f3: \u201cParticipamos de una reuni\u00f3n privada con \u00e9l\u201d. \u201cNos quer\u00eda conocer y felicitarnos por las acciones que ven\u00edamos desarrollando\u00bb<\/p>\n<p>Guti\u00e9rrez asegur\u00f3 que el funcionario \u201cest\u00e1 en conocimiento de lo que est\u00e1 sucediendo\u201d sin embargo se aprovech\u00f3 la oportunidad para establecer un \u201ccanal directo para poder tener r\u00e1pidamente una comunicaci\u00f3n\u201d, afirm\u00f3.<\/p>\n<p>Entre otras problem\u00e1ticas de seguridad, \u201cnosotros le planteamos la situaci\u00f3n de riesgo que hay con la problem\u00e1tica del narcotr\u00e1fico que cada vez hay m\u00e1s chicos con problema de adicciones y creemos que no hay un lugar claro donde se pueda ser tratado. Es un problema preocupante, porque es un problema de salud\u201d, explic\u00f3 el forista.  Sobre ello Ritondo dijo que \u201cla Provincia de Buenos Aires tiene la misma problem\u00e1tica y que est\u00e1n tratando de solucionar algunas cosas que con el tiempo se vana  poder ir resolviendo paulatinamente algunos problema en lo que hace a los menores de edad\u201d.<\/p>\n","protected":false},"excerpt":{"rendered":"<p>La semana pasada, con el arribo a la ciudad del Ministro de Seguridad Cristi\u00e1n Ritondo, integrantes del Foro de Seguridad tuvieron la oportunidad de participar de un encuentro con \u00e9l. Su presidente, Juan Guti\u00e9rrez, a trav\u00e9s \u201cSomos Noticias\u201d cont\u00f3: \u201cParticipamos de una reuni\u00f3n privada con \u00e9l\u201d. \u201cNos quer\u00eda conocer y felicitarnos por las acciones que [&hellip;]<\/p>\n","protected":false},"author":4,"featured_media":13791,"comment_status":"open","ping_status":"closed","sticky":false,"template":"","format":"standard","meta":{"om_disable_all_campaigns":false,"_jetpack_memberships_contains_paid_content":false,"footnotes":""},"categories":[2,102],"tags":[],"class_list":["post-13790","post","type-post","status-publish","format-standard","has-post-thumbnail","hentry","category-locales","category-politica-locales"],"aioseo_notices":[],"gutentor_comment":0,"jetpack_featured_media_url":"https:\/\/eldiariodesanpedro.com.ar\/sitio\/wp-content\/uploads\/2017\/01\/\u201cCada-vez-hay-m\u00e1s-chicos-con-problema-de-adicciones\u201d-dijo-Guti\u00e9rrez.jpg","jetpack_shortlink":"https:\/\/wp.me\/p6RhLt-3Aq","jetpack_sharing_enabled":true,"_links":{"self":[{"href":"https:\/\/eldiariodesanpedro.com.ar\/sitio\/wp-json\/wp\/v2\/posts\/13790","targetHints":{"allow":["GET"]}}],"collection":[{"href":"https:\/\/eldiariodesanpedro.com.ar\/sitio\/wp-json\/wp\/v2\/posts"}],"about":[{"href":"https:\/\/eldiariodesanpedro.com.ar\/sitio\/wp-json\/wp\/v2\/types\/post"}],"author":[{"embeddable":true,"href":"https:\/\/eldiariodesanpedro.com.ar\/sitio\/wp-json\/wp\/v2\/users\/4"}],"replies":[{"embeddable":true,"href":"https:\/\/eldiariodesanpedro.com.ar\/sitio\/wp-json\/wp\/v2\/comments?post=13790"}],"version-history":[{"count":1,"href":"https:\/\/eldiariodesanpedro.com.ar\/sitio\/wp-json\/wp\/v2\/posts\/13790\/revisions"}],"predecessor-version":[{"id":13792,"href":"https:\/\/eldiariodesanpedro.com.ar\/sitio\/wp-json\/wp\/v2\/posts\/13790\/revisions\/13792"}],"wp:featuredmedia":[{"embeddable":true,"href":"https:\/\/eldiariodesanpedro.com.ar\/sitio\/wp-json\/wp\/v2\/media\/13791"}],"wp:attachment":[{"href":"https:\/\/eldiariodesanpedro.com.ar\/sitio\/wp-json\/wp\/v2\/media?parent=13790"}],"wp:term":[{"taxonomy":"category","embeddable":true,"href":"https:\/\/eldiariodesanpedro.com.ar\/sitio\/wp-json\/wp\/v2\/categories?post=13790"},{"taxonomy":"post_tag","embeddable":true,"href":"https:\/\/eldiariodesanpedro.com.ar\/sitio\/wp-json\/wp\/v2\/tags?post=13790"}],"curies":[{"name":"wp","href":"https:\/\/api.w.org\/{rel}","templated":true}]}}