{"id":13785,"date":"2017-01-30T20:54:19","date_gmt":"2017-01-30T23:54:19","guid":{"rendered":"https:\/\/eldiariodesanpedro.com.ar\/sitio\/?p=13785"},"modified":"2017-01-31T12:08:16","modified_gmt":"2017-01-31T15:08:16","slug":"roleri-el-proximo-fin-de-semana-ya-vamos-a-empezar-a-sancionar","status":"publish","type":"post","link":"https:\/\/eldiariodesanpedro.com.ar\/sitio\/roleri-el-proximo-fin-de-semana-ya-vamos-a-empezar-a-sancionar\/","title":{"rendered":"Roleri: \u201cEl pr\u00f3ximo fin de semana ya vamos a empezar a sancionar\u201d"},"content":{"rendered":"<p><!-- VideographyWP Plugin Message: Automatic video embedding prevented by plugin options. --><br \/>\nTal cual hab\u00eda sido adelantado, el fin de semana comenzaron a realizarse las tareas de concientizaci\u00f3n para ordenar el estacionamiento en la zona de la costanera.<\/p>\n<p>La prioridad es que los autom\u00f3viles no ocupen el lugar de la senda peatonal que es utilizada en gran parte, para hacer ejercicio.<\/p>\n<p>\u201cHace tiempo estamos indic\u00e1ndole a la gente donde debe estacionar, ahora nuestra preocupaci\u00f3n est\u00e1 en la zona de la costanera\u201d, dijo Eduardo Roleri, Secretario de Seguridad P\u00fablica, trav\u00e9s de \u00abSomos Noticias\u00bb. En tanto que se\u00f1al\u00f3 que la iniciativa es que se \u201crespete la senda peatonal para que todos aquellos que quieran disfrutar del espacio que todos tenemos para ir a caminar o ir a correr y que los automovilistas no nos impidan hacerlo\u201d.<\/p>\n<p>Sobre el trabajo que se realiz\u00f3 el fin de semana, dijo: \u201cEstamos notificando, hemos puesto unos volantitos para poner el parabrisas de aquellos autos que est\u00e9n obstruyendo o estacionado en lugares que no est\u00e9n habilitados. Le ponemos el n\u00famero de patente y llevamos un registro de aquellos que ya hemos notificado. Vamos a avisarles una sola vez, la segunda ya los vamos a infraccionar\u201d.<\/p>\n<p>Y seguidamente asever\u00f3: \u201cEl pr\u00f3ximo fin de semana ya vamos a empezar a sancionar para que el Juez de Faltas resuelva las multas que les cobra\u201d.<\/p>\n<p>\u201cHay que buscar el lugar adecuado y tratar de respetar los dem\u00e1s\u201d y en ese sentido ejemplific\u00f3: \u201cVimos que en la zona de Mansa Lyfe que algunos autos se paraban justo donde no se podia, junto con la Polic\u00eda Local les indicamos que no debe hacerse y le mostramos los lugares donde debe hacerse, era correrlo nada m\u00e1s de medio metro hacia la derecha y estaba solucionado el tema\u201d.<\/p>\n","protected":false},"excerpt":{"rendered":"<p>Tal cual hab\u00eda sido adelantado, el fin de semana comenzaron a realizarse las tareas de concientizaci\u00f3n para ordenar el estacionamiento en la zona de la costanera. La prioridad es que los autom\u00f3viles no ocupen el lugar de la senda peatonal que es utilizada en gran parte, para hacer ejercicio. \u201cHace tiempo estamos indic\u00e1ndole a la [&hellip;]<\/p>\n","protected":false},"author":4,"featured_media":13833,"comment_status":"open","ping_status":"closed","sticky":false,"template":"","format":"standard","meta":{"om_disable_all_campaigns":false,"_jetpack_memberships_contains_paid_content":false,"footnotes":""},"categories":[50,2,103],"tags":[],"class_list":["post-13785","post","type-post","status-publish","format-standard","has-post-thumbnail","hentry","category-destacadas","category-locales","category-policiales-locales"],"aioseo_notices":[],"gutentor_comment":0,"jetpack_featured_media_url":"https:\/\/eldiariodesanpedro.com.ar\/sitio\/wp-content\/uploads\/2017\/01\/Roleri.jpg","jetpack_shortlink":"https:\/\/wp.me\/p6RhLt-3Al","jetpack_sharing_enabled":true,"_links":{"self":[{"href":"https:\/\/eldiariodesanpedro.com.ar\/sitio\/wp-json\/wp\/v2\/posts\/13785","targetHints":{"allow":["GET"]}}],"collection":[{"href":"https:\/\/eldiariodesanpedro.com.ar\/sitio\/wp-json\/wp\/v2\/posts"}],"about":[{"href":"https:\/\/eldiariodesanpedro.com.ar\/sitio\/wp-json\/wp\/v2\/types\/post"}],"author":[{"embeddable":true,"href":"https:\/\/eldiariodesanpedro.com.ar\/sitio\/wp-json\/wp\/v2\/users\/4"}],"replies":[{"embeddable":true,"href":"https:\/\/eldiariodesanpedro.com.ar\/sitio\/wp-json\/wp\/v2\/comments?post=13785"}],"version-history":[{"count":1,"href":"https:\/\/eldiariodesanpedro.com.ar\/sitio\/wp-json\/wp\/v2\/posts\/13785\/revisions"}],"predecessor-version":[{"id":13788,"href":"https:\/\/eldiariodesanpedro.com.ar\/sitio\/wp-json\/wp\/v2\/posts\/13785\/revisions\/13788"}],"wp:featuredmedia":[{"embeddable":true,"href":"https:\/\/eldiariodesanpedro.com.ar\/sitio\/wp-json\/wp\/v2\/media\/13833"}],"wp:attachment":[{"href":"https:\/\/eldiariodesanpedro.com.ar\/sitio\/wp-json\/wp\/v2\/media?parent=13785"}],"wp:term":[{"taxonomy":"category","embeddable":true,"href":"https:\/\/eldiariodesanpedro.com.ar\/sitio\/wp-json\/wp\/v2\/categories?post=13785"},{"taxonomy":"post_tag","embeddable":true,"href":"https:\/\/eldiariodesanpedro.com.ar\/sitio\/wp-json\/wp\/v2\/tags?post=13785"}],"curies":[{"name":"wp","href":"https:\/\/api.w.org\/{rel}","templated":true}]}}