{"id":13780,"date":"2017-01-30T20:28:32","date_gmt":"2017-01-30T23:28:32","guid":{"rendered":"https:\/\/eldiariodesanpedro.com.ar\/sitio\/?p=13780"},"modified":"2017-01-30T20:28:32","modified_gmt":"2017-01-30T23:28:32","slug":"recomendaciones-para-hacerle-frente-a-las-altas-temperaturas","status":"publish","type":"post","link":"https:\/\/eldiariodesanpedro.com.ar\/sitio\/recomendaciones-para-hacerle-frente-a-las-altas-temperaturas\/","title":{"rendered":"Recomendaciones para hacerle frente a las altas temperaturas"},"content":{"rendered":"<p><!-- VideographyWP Plugin Message: Automatic video embedding prevented by plugin options. --><br \/>\nAnte las altas temperaturas que se registran en la ciudad, la Secretar\u00eda de Salud realiz\u00f3 una serie de recomendaciones a los sampedrinos, teniendo en cuenta que el Servicio Meteorol\u00f3gico Nacional emiti\u00f3 una alerta amarilla por las altas temperaturas.<\/p>\n<p>Es por ello que  recomienda a la poblaci\u00f3n tomar las siguientes precauciones:<\/p>\n<p><strong>\u00bfQu\u00e9 es un golpe de calor?<\/strong><br \/>\nEs el aumento de la temperatura del cuerpo por una exposici\u00f3n prolongada al sol (insolaci\u00f3n cl\u00e1sica) o por hacer ejercicios en ambientes calurosos o con poca ventilaci\u00f3n) al punto que el cuerpo pierde agua y sales esenciales para su buen funcionamiento.<br \/>\nEn estas situaciones el cuerpo tiene dificultades para regular su temperatura por los mecanismos habituales como la sudoraci\u00f3n por lo que se produce un aumento de la temperatura corporal. El golpe de calor puede presentarse en el momento o despu\u00e9s de varios d\u00edas de alta temperatura.<\/p>\n<p><strong>\u00bfCu\u00e1les son los s\u00edntomas?<\/strong><br \/>\nEs importante estar alerta ante los siguientes s\u00edntomas:<br \/>\n&#8211; sed intensa y sequedad en la boca<br \/>\n&#8211; temperatura mayor a 39\u00ba C (medida en la axila)<br \/>\n&#8211; sudoraci\u00f3n excesiva<br \/>\n&#8211; sensaci\u00f3n de calor sofocante<br \/>\n&#8211; piel seca<br \/>\n&#8211; agotamiento, cansancio o debilidad<br \/>\n&#8211; mareos o desmayo<br \/>\n&#8211; v\u00e9rtigo<br \/>\n&#8211; calambres musculares<br \/>\n&#8211; agitaci\u00f3n<br \/>\n&#8211; dolores de est\u00f3mago, falta de apetito, n\u00e1useas o v\u00f3mitos<br \/>\n&#8211; dolores de cabeza (sensaci\u00f3n de latido u opresi\u00f3n)<br \/>\n&#8211; estado de confusi\u00f3n, desorientaci\u00f3n, delirio o incluso coma o convulsiones<\/p>\n<p><em> En los beb\u00e9s adem\u00e1s se puede evidenciar:<\/em><br \/>\n&#8211; la piel muy irritada por el sudor en el cuello, pecho, axilas, pliegues del codo y la zona del pa\u00f1al.<br \/>\n&#8211; Irritabilidad (llanto inconsolable en los m\u00e1s peque\u00f1os).<\/p>\n<p><strong>\u00bfQui\u00e9nes son los m\u00e1s vulnerables?<\/strong><br \/>\nCualquier persona puede ser v\u00edctima de un golpe de calor. Sin embargo se debe tener especial cuidado con los siguientes grupos ya que tienen mayor riesgo de padecerlo:<br \/>\n&#8211; beb\u00e9s y ni\u00f1os especialmente menores de 1 a\u00f1o (ya que su cuerpo tiene menor capacidad para regular su temperatura)<br \/>\n&#8211; beb\u00e9s que padecen de fiebre por otras causas, o diarrea<br \/>\n&#8211; personas con enfermedades cr\u00f3nicas (afecciones card\u00edacas, renales o neurol\u00f3gicas)<br \/>\n&#8211; ni\u00f1os obesos o desnutridos<br \/>\n&#8211; personas que tienen la piel muy quemada por el sol<br \/>\n&#8211; j\u00f3venes que abusan de bebidas con alcohol y de drogas<br \/>\n&#8211; personas mayores<\/p>\n<p><strong>\u00bfC\u00f3mo prevenirlo?<\/strong><br \/>\n Para evitar un golpe de calor en zonas y\/o \u00e9pocas de lastas temperaturas, es importante:<br \/>\n&#8211; Evitar bebidas con cafe\u00edna o con az\u00facar en exceso<br \/>\n&#8211; Evitar bebidas muy fr\u00edas o muy calientes<br \/>\n&#8211; Evitar comidas pesadas<\/p>\n<p><em>Con los m\u00e1s chicos:<\/em><br \/>\n&#8211; No esperar que pidan agua. Ofrecer continuamente l\u00edquidos, especialmente jugos naturales. En el caso de lactantes ofrecer el pecho de manera m\u00e1s frecuente.<br \/>\n&#8211; Vestirlos con ropa holgada, liviana, de algod\u00f3n y colores claros o incluso desvestirlos.<br \/>\n&#8211; Ba\u00f1arlos y mojarles el cuerpo con frecuencia.<br \/>\n&#8211; Proponer juegos tranquilos evitando que se agiten.<br \/>\n&#8211; Evitar que se expongan al sol  especialmente en el horario del mediod\u00eda o bien, protegerlos de sus efectos si no se puede evitar la exposici\u00f3n: con el uso de ropa adecuada (sombreros, ropa de manga larga) y protectores solares adecuados.<br \/>\n&#8211; Mantenerlos  en lugares bien ventilados o bien con aire acondicionado (ya sea en casa o lugares p\u00fablicos) cuando la temperatura ambiente es muy elevada.<br \/>\n&#8211; Nunca permanezca con ellos dentro de un veh\u00edculo estacionado y cerrado.<\/p>\n<p><em>Para todos:<\/em><br \/>\n&#8211; Evitar bebidas con alcohol ya que aumentan la temperatura corporal y las p\u00e9rdidas de l\u00edquido. No es conveniente tomar cerveza ante la sed y el calor.<br \/>\n&#8211; Evitar la actividad f\u00edsica intensa.<\/p>\n<p><strong>\u00bfC\u00f3mo debemos actuar si ocurre?<\/strong><br \/>\nEs importante actuar r\u00e1pidamente. En primer lugar  se debe intentar baja la temperatura del cuerpo de la persona afectada, con hielo o con un ba\u00f1o en agua helada.<\/p>\n<p><em>Adem\u00e1s es importante:<\/em><br \/>\n&#8211; ofrecer agua fresca (o incluso agua con una cucharadita de sal)<br \/>\n&#8211; trasladar a la persona a un lugar fresco y ventilado<br \/>\n&#8211; no administrar medicamentos antifebriles<br \/>\n&#8211; no friccionar la piel con alcohol<\/p>\n<p>El golpe de calor puede ser muy grave, en especial para los beb\u00e9s y ni\u00f1os peque\u00f1os. Por eso, ante los primeros s\u00edntomas no demore en consultar al m\u00e9dico o acercarse al centro de salud.<\/p>\n","protected":false},"excerpt":{"rendered":"<p>Ante las altas temperaturas que se registran en la ciudad, la Secretar\u00eda de Salud realiz\u00f3 una serie de recomendaciones a los sampedrinos, teniendo en cuenta que el Servicio Meteorol\u00f3gico Nacional emiti\u00f3 una alerta amarilla por las altas temperaturas. Es por ello que recomienda a la poblaci\u00f3n tomar las siguientes precauciones: \u00bfQu\u00e9 es un golpe de [&hellip;]<\/p>\n","protected":false},"author":4,"featured_media":13781,"comment_status":"open","ping_status":"closed","sticky":false,"template":"","format":"standard","meta":{"om_disable_all_campaigns":false,"_jetpack_memberships_contains_paid_content":false,"footnotes":""},"categories":[101,2],"tags":[],"class_list":["post-13780","post","type-post","status-publish","format-standard","has-post-thumbnail","hentry","category-interes-general-locales","category-locales"],"aioseo_notices":[],"gutentor_comment":0,"jetpack_featured_media_url":"https:\/\/eldiariodesanpedro.com.ar\/sitio\/wp-content\/uploads\/2017\/01\/LA-SECRETAR\u00cdA-DE-SALUD-DIO-A-CONOCER-UNA-SERIE-DE-CONSEJOS-PARA-\u201cEVITAR-GOLPES-DE-CALOR\u201d.jpg","jetpack_shortlink":"https:\/\/wp.me\/p6RhLt-3Ag","jetpack_sharing_enabled":true,"_links":{"self":[{"href":"https:\/\/eldiariodesanpedro.com.ar\/sitio\/wp-json\/wp\/v2\/posts\/13780","targetHints":{"allow":["GET"]}}],"collection":[{"href":"https:\/\/eldiariodesanpedro.com.ar\/sitio\/wp-json\/wp\/v2\/posts"}],"about":[{"href":"https:\/\/eldiariodesanpedro.com.ar\/sitio\/wp-json\/wp\/v2\/types\/post"}],"author":[{"embeddable":true,"href":"https:\/\/eldiariodesanpedro.com.ar\/sitio\/wp-json\/wp\/v2\/users\/4"}],"replies":[{"embeddable":true,"href":"https:\/\/eldiariodesanpedro.com.ar\/sitio\/wp-json\/wp\/v2\/comments?post=13780"}],"version-history":[{"count":3,"href":"https:\/\/eldiariodesanpedro.com.ar\/sitio\/wp-json\/wp\/v2\/posts\/13780\/revisions"}],"predecessor-version":[{"id":13784,"href":"https:\/\/eldiariodesanpedro.com.ar\/sitio\/wp-json\/wp\/v2\/posts\/13780\/revisions\/13784"}],"wp:featuredmedia":[{"embeddable":true,"href":"https:\/\/eldiariodesanpedro.com.ar\/sitio\/wp-json\/wp\/v2\/media\/13781"}],"wp:attachment":[{"href":"https:\/\/eldiariodesanpedro.com.ar\/sitio\/wp-json\/wp\/v2\/media?parent=13780"}],"wp:term":[{"taxonomy":"category","embeddable":true,"href":"https:\/\/eldiariodesanpedro.com.ar\/sitio\/wp-json\/wp\/v2\/categories?post=13780"},{"taxonomy":"post_tag","embeddable":true,"href":"https:\/\/eldiariodesanpedro.com.ar\/sitio\/wp-json\/wp\/v2\/tags?post=13780"}],"curies":[{"name":"wp","href":"https:\/\/api.w.org\/{rel}","templated":true}]}}