{"id":13777,"date":"2017-01-30T20:13:27","date_gmt":"2017-01-30T23:13:27","guid":{"rendered":"https:\/\/eldiariodesanpedro.com.ar\/sitio\/?p=13777"},"modified":"2017-01-30T20:13:27","modified_gmt":"2017-01-30T23:13:27","slug":"estados-unidos-mas-de-100-diplomaticos-contra-el-veto-migratorio-de-trump","status":"publish","type":"post","link":"https:\/\/eldiariodesanpedro.com.ar\/sitio\/estados-unidos-mas-de-100-diplomaticos-contra-el-veto-migratorio-de-trump\/","title":{"rendered":"ESTADOS UNIDOS: M\u00e1s de 100 diplom\u00e1ticos contra el veto migratorio de Trump"},"content":{"rendered":"<p><!-- VideographyWP Plugin Message: Automatic video embedding prevented by plugin options. --><br \/>\n(T\u00e9lam\/NA) &#8211; Los funcionarios estadounidenses firmaron un documento interno para protestar contra el decreto de Trump y lo calificaron como una iniciativa contraproducente en la lucha contra el terrorismo.<\/p>\n<p>   M\u00e1s de 100 diplom\u00e1ticos estadounidenses firmaron un documento interno para protestar contra el veto migratorio decretado por el presidente Donald Trump y lo calificaron como una iniciativa contraproducente en la lucha contra el terrorismo, seg\u00fan revel\u00f3 hoy la prensa local. <\/p>\n<p>   \u00abEsta prohibici\u00f3n, que s\u00f3lo puede levantarse bajo condiciones que a los pa\u00edses les resultar\u00e1 dif\u00edcil o imposible cumplir, no alcanzar\u00e1 su objetivo se\u00f1alado de proteger al pueblo estadounidense de ataques terroristas de ciudadanos extranjeros que ingresen en Estados Unidos\u00bb, advirtieron los diplom\u00e1ticos, seg\u00fan el documento publicado por el diario The Wall Street Journal. <\/p>\n<p>   \u00abAdem\u00e1s, esa pol\u00edtica va en contra de importantes valores estadounidenses como la no discriminaci\u00f3n, el juego limpio y la bienvenida a los visitantes extranjeros y los inmigrantes\u00bb, agregaron, seg\u00fan reprodujo la agencia de noticias EFE.<\/p>\n<p>   Seg\u00fan el diario neoyorquino, el texto sigui\u00f3 circulando por el Departamento de Estado para que otros diplom\u00e1ticos y funcionarios sumen sus firmas. <\/p>\n<p>   El viernes pasado, Trump decret\u00f3 la prohibici\u00f3n por 120 d\u00edas a todo ingreso al pa\u00eds de refugiados, al tiempo que lo hizo definitivo para todos los ciudadanos sirios y lo limit\u00f3 a tres meses para la entrada de cualquier ciudadano de siete pa\u00edses de mayor\u00eda musulmana: Libia, Sud\u00e1n, Somalia, Siria, Irak, Yemen e Ir\u00e1n.<\/p>\n<p>   El documento escrito y firmado por los diplom\u00e1ticos alert\u00f3 hoy que el veto migratorio \u00abamargar\u00e1 inmediatamente las relaciones\u00bb con esos pa\u00edses de mayor\u00eda musulmana y con \u00abbuena parte del mundo musulm\u00e1n, que considera que la prohibici\u00f3n ha estado motivada por la religi\u00f3n\u00bb.<\/p>\n<p>   \u00abCasi un tercio de las poblaciones combinadas de estos pa\u00edses son ni\u00f1os menores de 15 a\u00f1os, no hay duda de que su percepci\u00f3n de Estados Unidos estar\u00e1 profundamente afectada por este veto\u00bb, concluyeron.<\/p>\n<p> <strong>Casa Blanca: diplom\u00e1ticos disidentes deben \u00abseguir el programa o irse\u00bb<\/strong><\/p>\n<p>   Los diplom\u00e1ticos estadounidenses que tienen objeciones a la nueva pol\u00edtica de Washington sobre restricciones de viajes para inmigrantes o refugiados extranjeros deben seguir las instrucciones o dejar sus puestos, dijo el portavoz de la Casa Blanca, Sean Spicer.<\/p>\n<p>   \u00ab\u00bfEstos bur\u00f3cratas de carrera tienen problemas con esto? Pienso que deben seguir el programa o irse. Esto se refiere a la seguridad de Estados Unidos. Es la raz\u00f3n por la que la mayor\u00eda de los<br \/>\nestadounidenses est\u00e1 de acuerdo con el presidente\u00bb, expres\u00f3 el vocero en rueda de prensa.<\/p>\n","protected":false},"excerpt":{"rendered":"<p>(T\u00e9lam\/NA) &#8211; Los funcionarios estadounidenses firmaron un documento interno para protestar contra el decreto de Trump y lo calificaron como una iniciativa contraproducente en la lucha contra el terrorismo. M\u00e1s de 100 diplom\u00e1ticos estadounidenses firmaron un documento interno para protestar contra el veto migratorio decretado por el presidente Donald Trump y lo calificaron como una [&hellip;]<\/p>\n","protected":false},"author":4,"featured_media":13778,"comment_status":"open","ping_status":"closed","sticky":false,"template":"","format":"standard","meta":{"om_disable_all_campaigns":false,"_jetpack_memberships_contains_paid_content":false,"footnotes":""},"categories":[2],"tags":[],"class_list":["post-13777","post","type-post","status-publish","format-standard","has-post-thumbnail","hentry","category-locales"],"aioseo_notices":[],"gutentor_comment":0,"jetpack_featured_media_url":"https:\/\/eldiariodesanpedro.com.ar\/sitio\/wp-content\/uploads\/2017\/01\/EEUU-4.jpg","jetpack_shortlink":"https:\/\/wp.me\/p6RhLt-3Ad","jetpack_sharing_enabled":true,"_links":{"self":[{"href":"https:\/\/eldiariodesanpedro.com.ar\/sitio\/wp-json\/wp\/v2\/posts\/13777","targetHints":{"allow":["GET"]}}],"collection":[{"href":"https:\/\/eldiariodesanpedro.com.ar\/sitio\/wp-json\/wp\/v2\/posts"}],"about":[{"href":"https:\/\/eldiariodesanpedro.com.ar\/sitio\/wp-json\/wp\/v2\/types\/post"}],"author":[{"embeddable":true,"href":"https:\/\/eldiariodesanpedro.com.ar\/sitio\/wp-json\/wp\/v2\/users\/4"}],"replies":[{"embeddable":true,"href":"https:\/\/eldiariodesanpedro.com.ar\/sitio\/wp-json\/wp\/v2\/comments?post=13777"}],"version-history":[{"count":1,"href":"https:\/\/eldiariodesanpedro.com.ar\/sitio\/wp-json\/wp\/v2\/posts\/13777\/revisions"}],"predecessor-version":[{"id":13779,"href":"https:\/\/eldiariodesanpedro.com.ar\/sitio\/wp-json\/wp\/v2\/posts\/13777\/revisions\/13779"}],"wp:featuredmedia":[{"embeddable":true,"href":"https:\/\/eldiariodesanpedro.com.ar\/sitio\/wp-json\/wp\/v2\/media\/13778"}],"wp:attachment":[{"href":"https:\/\/eldiariodesanpedro.com.ar\/sitio\/wp-json\/wp\/v2\/media?parent=13777"}],"wp:term":[{"taxonomy":"category","embeddable":true,"href":"https:\/\/eldiariodesanpedro.com.ar\/sitio\/wp-json\/wp\/v2\/categories?post=13777"},{"taxonomy":"post_tag","embeddable":true,"href":"https:\/\/eldiariodesanpedro.com.ar\/sitio\/wp-json\/wp\/v2\/tags?post=13777"}],"curies":[{"name":"wp","href":"https:\/\/api.w.org\/{rel}","templated":true}]}}