{"id":13768,"date":"2017-01-30T20:03:07","date_gmt":"2017-01-30T23:03:07","guid":{"rendered":"https:\/\/eldiariodesanpedro.com.ar\/sitio\/?p=13768"},"modified":"2017-01-30T20:03:07","modified_gmt":"2017-01-30T23:03:07","slug":"gomez-centurion-pidio-disculpas-por-sus-dichos-sobre-la-dictadura-luego-del-repudio-unanime","status":"publish","type":"post","link":"https:\/\/eldiariodesanpedro.com.ar\/sitio\/gomez-centurion-pidio-disculpas-por-sus-dichos-sobre-la-dictadura-luego-del-repudio-unanime\/","title":{"rendered":"G\u00f3mez Centuri\u00f3n pidi\u00f3 disculpas por sus dichos sobre la dictadura, luego del repudio un\u00e1nime"},"content":{"rendered":"<p><!-- VideographyWP Plugin Message: Automatic video embedding prevented by plugin options. --><br \/>\n(T\u00e9lam) &#8211; El titular de la Aduana, Juan Jos\u00e9 G\u00f3mez Centuri\u00f3n, pidi\u00f3 \u00abuna sincera disculpa a cualquier persona que pudiera haberse sentido ofendida por lo expresado o las interpretaciones derivadas de ellas\u00bb, tras rechazar este domingo la existencia de un plan sistem\u00e1tico de desaparici\u00f3n de personas en la \u00faltima dictadura militar.<\/p>\n<p>   El titular de la Aduana, Juan Jos\u00e9 G\u00f3mez Centuri\u00f3n, pidi\u00f3 disculpas por sus declaraciones sobre la \u00faltima dictadura militar, que cosecharon generalizadas cr\u00edticas y repudios desde el propio seno del Gobierno, que sali\u00f3 a afirmar p\u00fablicamente que \u00abno representan el pensamiento\u00bb del Ejecutivo, y desde el oficialismo y la oposici\u00f3n, donde distintas voces incluso reclamaron la renuncia del funcionario.<\/p>\n<p>   G\u00f3mez Centuri\u00f3n pidi\u00f3 \u00abuna sincera disculpa a cualquier persona que pudiera haberse sentido ofendida por lo expresado o las interpretaciones derivadas de ellas\u00bb, y asegur\u00f3 que \u00abestas opiniones son de car\u00e1cter absolutamente personal y no implica en forma alguna la forma de pensar del Gobierno ni de su equipo como tal\u00bb.<\/p>\n<p>   El escueto comunicado, difundido menos de una hora despu\u00e9s de negar que fuera a hacer nuevas declaraciones, alude a las opiniones que formul\u00f3 en el programa Debo Decir, que conduce Luis Novaresio, donde asegur\u00f3 que \u00ablo de plan sistem\u00e1tico es un adjetivo; objetivamente la realidad es otra\u00bb.<\/p>\n<p>   La disculpa de G\u00f3mez Centuri\u00f3n encastra con el comunicado difundido este lunes por la ma\u00f1ana por la Secretar\u00eda de Derechos Humanos, Claudio Avruj: \u00abEn virtud de algunas declaraciones sobre lo sucedido durante la \u00faltima dictadura militar y ante consultas period\u00edsticas al respecto, la Secretar\u00eda de Derechos Humanos y Pluralismo Cultural de la Naci\u00f3n aclara que esas opiniones son a t\u00edtulo personal, no son compartidas desde ning\u00fan punto de vista y no pueden ser tomadas como representativas del pensamiento del gobierno, puesto que es esta Secretar\u00eda la encargada del tratamiento riguroso y efectivo de temas de esta naturaleza\u00bb.<\/p>\n","protected":false},"excerpt":{"rendered":"<p>(T\u00e9lam) &#8211; El titular de la Aduana, Juan Jos\u00e9 G\u00f3mez Centuri\u00f3n, pidi\u00f3 \u00abuna sincera disculpa a cualquier persona que pudiera haberse sentido ofendida por lo expresado o las interpretaciones derivadas de ellas\u00bb, tras rechazar este domingo la existencia de un plan sistem\u00e1tico de desaparici\u00f3n de personas en la \u00faltima dictadura militar. El titular de la [&hellip;]<\/p>\n","protected":false},"author":4,"featured_media":13769,"comment_status":"open","ping_status":"closed","sticky":false,"template":"","format":"standard","meta":{"om_disable_all_campaigns":false,"_jetpack_memberships_contains_paid_content":false,"footnotes":""},"categories":[3],"tags":[],"class_list":["post-13768","post","type-post","status-publish","format-standard","has-post-thumbnail","hentry","category-nacionales"],"aioseo_notices":[],"gutentor_comment":0,"jetpack_featured_media_url":"https:\/\/eldiariodesanpedro.com.ar\/sitio\/wp-content\/uploads\/2017\/01\/G\u00f3mez-Centuri\u00f3n.jpg","jetpack_shortlink":"https:\/\/wp.me\/p6RhLt-3A4","jetpack_sharing_enabled":true,"_links":{"self":[{"href":"https:\/\/eldiariodesanpedro.com.ar\/sitio\/wp-json\/wp\/v2\/posts\/13768","targetHints":{"allow":["GET"]}}],"collection":[{"href":"https:\/\/eldiariodesanpedro.com.ar\/sitio\/wp-json\/wp\/v2\/posts"}],"about":[{"href":"https:\/\/eldiariodesanpedro.com.ar\/sitio\/wp-json\/wp\/v2\/types\/post"}],"author":[{"embeddable":true,"href":"https:\/\/eldiariodesanpedro.com.ar\/sitio\/wp-json\/wp\/v2\/users\/4"}],"replies":[{"embeddable":true,"href":"https:\/\/eldiariodesanpedro.com.ar\/sitio\/wp-json\/wp\/v2\/comments?post=13768"}],"version-history":[{"count":1,"href":"https:\/\/eldiariodesanpedro.com.ar\/sitio\/wp-json\/wp\/v2\/posts\/13768\/revisions"}],"predecessor-version":[{"id":13770,"href":"https:\/\/eldiariodesanpedro.com.ar\/sitio\/wp-json\/wp\/v2\/posts\/13768\/revisions\/13770"}],"wp:featuredmedia":[{"embeddable":true,"href":"https:\/\/eldiariodesanpedro.com.ar\/sitio\/wp-json\/wp\/v2\/media\/13769"}],"wp:attachment":[{"href":"https:\/\/eldiariodesanpedro.com.ar\/sitio\/wp-json\/wp\/v2\/media?parent=13768"}],"wp:term":[{"taxonomy":"category","embeddable":true,"href":"https:\/\/eldiariodesanpedro.com.ar\/sitio\/wp-json\/wp\/v2\/categories?post=13768"},{"taxonomy":"post_tag","embeddable":true,"href":"https:\/\/eldiariodesanpedro.com.ar\/sitio\/wp-json\/wp\/v2\/tags?post=13768"}],"curies":[{"name":"wp","href":"https:\/\/api.w.org\/{rel}","templated":true}]}}