{"id":137676,"date":"2025-02-28T12:19:47","date_gmt":"2025-02-28T15:19:47","guid":{"rendered":"https:\/\/eldiariodesanpedro.com.ar\/sitio\/?p=137676"},"modified":"2025-02-28T12:19:50","modified_gmt":"2025-02-28T15:19:50","slug":"seguridad-en-agenda-reunion-entre-el-centro-de-comercio-y-funcionarios-municipales","status":"publish","type":"post","link":"https:\/\/eldiariodesanpedro.com.ar\/sitio\/seguridad-en-agenda-reunion-entre-el-centro-de-comercio-y-funcionarios-municipales\/","title":{"rendered":"Seguridad en agenda: Reuni\u00f3n entre el Centro de Comercio y funcionarios municipales"},"content":{"rendered":"<!-- VideographyWP Plugin Message: Automatic video embedding prevented by plugin options. -->\n\n<p>El <strong>Centro de Comercio, Industria y Turismo de San Pedro<\/strong> recibi\u00f3 este jueves al <strong>Jefe de Gabinete, Alfredo Carrasco<\/strong>, al <strong>Secretario de Seguridad, Carlos Farr\u00e9<\/strong>, y al <strong>Secretario de Producci\u00f3n, Ariel \u00c1lvarez<\/strong>, en un encuentro donde la <strong>seguridad<\/strong> fue el tema central.<\/p>\n\n\n\n<p>Durante la reuni\u00f3n, adem\u00e1s, se abordaron otros planteos clave para el <strong>v\u00ednculo entre la entidad y el gobierno municipal<\/strong>. Los funcionarios respondieron a la convocatoria y participaron de una <strong>extensa charla<\/strong>, en la que se transmitieron las <strong>preocupaciones compartidas sobre la delicada situaci\u00f3n en materia de seguridad<\/strong>, tal como se hab\u00eda comprometido en reuniones anteriores con comerciantes.<\/p>\n\n\n\n<p>Los representantes municipales detallaron las <strong>acciones de corto y mediano plazo<\/strong> que se est\u00e1n implementando y brindaron un <strong>panorama general<\/strong> sobre el abordaje actual del problema.<\/p>\n\n\n\n<p>Desde el <strong>CCIT<\/strong>, manifestaron su <strong>agradecimiento por la apertura del di\u00e1logo<\/strong>, consider\u00e1ndolo fundamental para que las inquietudes de <strong>comerciantes, empresarios y la comunidad en general<\/strong> lleguen a las autoridades responsables. Asimismo, destacaron que solo con un <strong>compromiso colectivo y sincero<\/strong> se podr\u00e1 avanzar en la b\u00fasqueda de soluciones concretas.<\/p>\n\n\n\n<p>En este marco, en los pr\u00f3ximos d\u00edas, el <strong>Centro de Comercio convocar\u00e1 a una reuni\u00f3n abierta<\/strong> con representantes de <strong>entidades, asociaciones, organizaciones y sectores representativos<\/strong> de la comunidad. El objetivo ser\u00e1 <strong>analizar la situaci\u00f3n actual, elaborar un diagn\u00f3stico m\u00e1s completo y presentarlo ante las autoridades<\/strong>, con el fin de mantener el tema en agenda y exigir el <strong>seguimiento constante<\/strong> de las acciones necesarias para proteger a la comunidad.<\/p>\n\n\n\n<p>La fecha, el horario y el mecanismo de inscripci\u00f3n para participar ser\u00e1n informados a comienzos de la pr\u00f3xima semana.<\/p>\n","protected":false},"excerpt":{"rendered":"<p>El Centro de Comercio, Industria y Turismo de San Pedro recibi\u00f3 este jueves al Jefe de Gabinete, Alfredo Carrasco, al Secretario de Seguridad, Carlos Farr\u00e9, y al Secretario de Producci\u00f3n, Ariel \u00c1lvarez, en un encuentro donde la seguridad fue el tema central. Durante la reuni\u00f3n, adem\u00e1s, se abordaron otros planteos clave para el v\u00ednculo entre [&hellip;]<\/p>\n","protected":false},"author":4,"featured_media":137677,"comment_status":"closed","ping_status":"closed","sticky":false,"template":"","format":"standard","meta":{"om_disable_all_campaigns":false,"_jetpack_memberships_contains_paid_content":false,"footnotes":""},"categories":[101,2],"tags":[],"class_list":["post-137676","post","type-post","status-publish","format-standard","has-post-thumbnail","hentry","category-interes-general-locales","category-locales"],"aioseo_notices":[],"gutentor_comment":0,"jetpack_featured_media_url":"https:\/\/eldiariodesanpedro.com.ar\/sitio\/wp-content\/uploads\/2025\/02\/reunion-mdsp-seguridad.jpg","jetpack_shortlink":"https:\/\/wp.me\/p6RhLt-zOA","jetpack_sharing_enabled":true,"_links":{"self":[{"href":"https:\/\/eldiariodesanpedro.com.ar\/sitio\/wp-json\/wp\/v2\/posts\/137676","targetHints":{"allow":["GET"]}}],"collection":[{"href":"https:\/\/eldiariodesanpedro.com.ar\/sitio\/wp-json\/wp\/v2\/posts"}],"about":[{"href":"https:\/\/eldiariodesanpedro.com.ar\/sitio\/wp-json\/wp\/v2\/types\/post"}],"author":[{"embeddable":true,"href":"https:\/\/eldiariodesanpedro.com.ar\/sitio\/wp-json\/wp\/v2\/users\/4"}],"replies":[{"embeddable":true,"href":"https:\/\/eldiariodesanpedro.com.ar\/sitio\/wp-json\/wp\/v2\/comments?post=137676"}],"version-history":[{"count":1,"href":"https:\/\/eldiariodesanpedro.com.ar\/sitio\/wp-json\/wp\/v2\/posts\/137676\/revisions"}],"predecessor-version":[{"id":137678,"href":"https:\/\/eldiariodesanpedro.com.ar\/sitio\/wp-json\/wp\/v2\/posts\/137676\/revisions\/137678"}],"wp:featuredmedia":[{"embeddable":true,"href":"https:\/\/eldiariodesanpedro.com.ar\/sitio\/wp-json\/wp\/v2\/media\/137677"}],"wp:attachment":[{"href":"https:\/\/eldiariodesanpedro.com.ar\/sitio\/wp-json\/wp\/v2\/media?parent=137676"}],"wp:term":[{"taxonomy":"category","embeddable":true,"href":"https:\/\/eldiariodesanpedro.com.ar\/sitio\/wp-json\/wp\/v2\/categories?post=137676"},{"taxonomy":"post_tag","embeddable":true,"href":"https:\/\/eldiariodesanpedro.com.ar\/sitio\/wp-json\/wp\/v2\/tags?post=137676"}],"curies":[{"name":"wp","href":"https:\/\/api.w.org\/{rel}","templated":true}]}}