{"id":137674,"date":"2025-03-05T12:09:06","date_gmt":"2025-03-05T15:09:06","guid":{"rendered":"https:\/\/eldiariodesanpedro.com.ar\/sitio\/?p=137674"},"modified":"2025-03-05T14:52:56","modified_gmt":"2025-03-05T17:52:56","slug":"asamblea-general-ordinaria-sociedad-cooperadora-del-hospital-sub-zonal-san-pedro","status":"publish","type":"post","link":"https:\/\/eldiariodesanpedro.com.ar\/sitio\/asamblea-general-ordinaria-sociedad-cooperadora-del-hospital-sub-zonal-san-pedro\/","title":{"rendered":"Asamblea General Ordinaria Sociedad Cooperadora del Hospital Sub-Zonal San Pedro"},"content":{"rendered":"<!-- VideographyWP Plugin Message: Automatic video embedding prevented by plugin options. -->\n\n<p class=\"has-text-align-center\"><strong>SOCIEDAD COOPERADORA DEL HOSPITAL SUB-ZONAL SAN PEDRO<\/strong><\/p>\n\n\n\n<p class=\"has-text-align-center\"><strong>CONVOCATORIA A ASAMBLEA GENERAL ORDINARIA<\/strong><\/p>\n\n\n\n<p>De acuerdo a lo establecido en el art. 44 de los estatutos, convoca a los se\u00f1ores socios a la Asamblea General Ordinaria a celebrarse en la Sede de la Cooperadora sito en Ituzaingo 979 de nuestra ciudad, a las 19: 30 Hs el d\u00eda 27\/03\/25 para tratar el siguiente:<\/p>\n\n\n\n<p class=\"has-text-align-center\"><strong>ORDEN DEL D\u00cdA<\/strong><\/p>\n\n\n\n<p>1)-Consideraci\u00f3n de la Memoria, Balance, Inventario, Cuenta de Gastos y Recursos del Ejercicio comprendido de 01\/01\/2024 al 31\/12\/2024.<\/p>\n\n\n\n<p>2)- Renovaci\u00f3n total de la comisi\u00f3n directiva por dos a\u00f1os.<\/p>\n\n\n\n<p>3)- Designaci\u00f3n de tres miembros para conformar la junta escrutadora de la asamblea.<\/p>\n\n\n\n<p>4)-Designaci\u00f3n de dos asamble\u00edstas para rubricar el acta conjuntamente con el Presidente y Secretario!<\/p>\n\n\n\n<p><\/p>\n\n\n\n<p>Angel Ricardo Mindurry \u2013 Tesorero<br>Mirta Borrelli\u00a0 &#8211; Presidente<\/p>\n","protected":false},"excerpt":{"rendered":"<p>SOCIEDAD COOPERADORA DEL HOSPITAL SUB-ZONAL SAN PEDRO CONVOCATORIA A ASAMBLEA GENERAL ORDINARIA De acuerdo a lo establecido en el art. 44 de los estatutos, convoca a los se\u00f1ores socios a la Asamblea General Ordinaria a celebrarse en la Sede de la Cooperadora sito en Ituzaingo 979 de nuestra ciudad, a las 19: 30 Hs el [&hellip;]<\/p>\n","protected":false},"author":4,"featured_media":127651,"comment_status":"closed","ping_status":"closed","sticky":false,"template":"","format":"standard","meta":{"om_disable_all_campaigns":false,"_jetpack_memberships_contains_paid_content":false,"footnotes":""},"categories":[678,676],"tags":[],"class_list":["post-137674","post","type-post","status-publish","format-standard","has-post-thumbnail","hentry","category-convocatorias","category-edictos"],"aioseo_notices":[],"gutentor_comment":0,"jetpack_featured_media_url":"https:\/\/eldiariodesanpedro.com.ar\/sitio\/wp-content\/uploads\/2024\/04\/Cooperadora-Hospital-San-Pedro-2021-convocatoria.jpg","jetpack_shortlink":"https:\/\/wp.me\/p6RhLt-zOy","jetpack_sharing_enabled":true,"_links":{"self":[{"href":"https:\/\/eldiariodesanpedro.com.ar\/sitio\/wp-json\/wp\/v2\/posts\/137674","targetHints":{"allow":["GET"]}}],"collection":[{"href":"https:\/\/eldiariodesanpedro.com.ar\/sitio\/wp-json\/wp\/v2\/posts"}],"about":[{"href":"https:\/\/eldiariodesanpedro.com.ar\/sitio\/wp-json\/wp\/v2\/types\/post"}],"author":[{"embeddable":true,"href":"https:\/\/eldiariodesanpedro.com.ar\/sitio\/wp-json\/wp\/v2\/users\/4"}],"replies":[{"embeddable":true,"href":"https:\/\/eldiariodesanpedro.com.ar\/sitio\/wp-json\/wp\/v2\/comments?post=137674"}],"version-history":[{"count":1,"href":"https:\/\/eldiariodesanpedro.com.ar\/sitio\/wp-json\/wp\/v2\/posts\/137674\/revisions"}],"predecessor-version":[{"id":137675,"href":"https:\/\/eldiariodesanpedro.com.ar\/sitio\/wp-json\/wp\/v2\/posts\/137674\/revisions\/137675"}],"wp:featuredmedia":[{"embeddable":true,"href":"https:\/\/eldiariodesanpedro.com.ar\/sitio\/wp-json\/wp\/v2\/media\/127651"}],"wp:attachment":[{"href":"https:\/\/eldiariodesanpedro.com.ar\/sitio\/wp-json\/wp\/v2\/media?parent=137674"}],"wp:term":[{"taxonomy":"category","embeddable":true,"href":"https:\/\/eldiariodesanpedro.com.ar\/sitio\/wp-json\/wp\/v2\/categories?post=137674"},{"taxonomy":"post_tag","embeddable":true,"href":"https:\/\/eldiariodesanpedro.com.ar\/sitio\/wp-json\/wp\/v2\/tags?post=137674"}],"curies":[{"name":"wp","href":"https:\/\/api.w.org\/{rel}","templated":true}]}}