{"id":137672,"date":"2025-02-27T12:01:10","date_gmt":"2025-02-27T15:01:10","guid":{"rendered":"https:\/\/eldiariodesanpedro.com.ar\/sitio\/?p=137672"},"modified":"2025-02-28T12:08:32","modified_gmt":"2025-02-28T15:08:32","slug":"asamblea-general-ordinaria-del-sindicato-del-personal-de-industrias-quimicas-de-san-pedro-2","status":"publish","type":"post","link":"https:\/\/eldiariodesanpedro.com.ar\/sitio\/asamblea-general-ordinaria-del-sindicato-del-personal-de-industrias-quimicas-de-san-pedro-2\/","title":{"rendered":"Asamblea General Ordinaria del Sindicato del Personal de Industrias Qu\u00edmicas de San Pedro"},"content":{"rendered":"<!-- VideographyWP Plugin Message: Automatic video embedding prevented by plugin options. -->\n\n<p class=\"has-text-align-right\">27 de febrero de 2025<\/p>\n\n\n\n<p class=\"has-text-align-center\"><strong><u>CONVOCATORIA<\/u><\/strong><\/p>\n\n\n\n<p>Conforme a lo normado por el Estatuto Social, la Comisi\u00f3n Directiva convoca a todos los afiliados al Sindicato del Personal de Industrias Qu\u00edmicas de San Pedro a la <strong>ASAMBLEA GENERAL ORDINARIA <\/strong>que se llevar\u00e1 a cabo el MIERCOLES 23 de abril de 2025 en el horario de 12:00hs. en la Delegaci\u00f3n ubicada en calle Cesar Diaz 1055, de la localidad de Bel\u00e9n de Escobar.<\/p>\n\n\n\n<p class=\"has-text-align-center\"><strong><u>ORDEN DEL D\u00cdA<\/u><\/strong><\/p>\n\n\n\n<ol class=\"wp-block-list\">\n<li>Constituci\u00f3n de la Asamblea (Art. 17 La asamblea se constituir\u00e1 con la presencia de la mitad m\u00e1s uno de los socios. Luego de una hora el quorum se lograr\u00e1 con los afiliados presentes).<\/li>\n\n\n\n<li>Apertura de la sesi\u00f3n, con la direcci\u00f3n del debate a cargo del Secretario General (Art. 25).<\/li>\n\n\n\n<li>Consideraci\u00f3n de la <strong>MEMORIA Y BALANCE GENERAL<\/strong> correspondiente al ejercicio 31 de diciembre de 2023 al 30 de diciembre de 2024. (Art. 16).<\/li>\n\n\n\n<li>Designaci\u00f3n de dos (2) afiliados presentes para firmar el acta de resoluci\u00f3n de la Asamblea.<\/li>\n\n\n\n<li>Clausura de la Asamblea.<\/li>\n<\/ol>\n\n\n\n<p>Sin m\u00e1s, hago propicia la ocasi\u00f3n para saludar muy atentamente.-<\/p>\n","protected":false},"excerpt":{"rendered":"<p>27 de febrero de 2025 CONVOCATORIA Conforme a lo normado por el Estatuto Social, la Comisi\u00f3n Directiva convoca a todos los afiliados al Sindicato del Personal de Industrias Qu\u00edmicas de San Pedro a la ASAMBLEA GENERAL ORDINARIA que se llevar\u00e1 a cabo el MIERCOLES 23 de abril de 2025 en el horario de 12:00hs. en [&hellip;]<\/p>\n","protected":false},"author":4,"featured_media":116588,"comment_status":"closed","ping_status":"closed","sticky":false,"template":"","format":"standard","meta":{"om_disable_all_campaigns":false,"_jetpack_memberships_contains_paid_content":false,"footnotes":""},"categories":[678,676],"tags":[],"class_list":["post-137672","post","type-post","status-publish","format-standard","has-post-thumbnail","hentry","category-convocatorias","category-edictos"],"aioseo_notices":[],"gutentor_comment":0,"jetpack_featured_media_url":"https:\/\/eldiariodesanpedro.com.ar\/sitio\/wp-content\/uploads\/2023\/04\/Sindicato-de-Quimicos-04-04-2023.jpg","jetpack_shortlink":"https:\/\/wp.me\/p6RhLt-zOw","jetpack_sharing_enabled":true,"_links":{"self":[{"href":"https:\/\/eldiariodesanpedro.com.ar\/sitio\/wp-json\/wp\/v2\/posts\/137672","targetHints":{"allow":["GET"]}}],"collection":[{"href":"https:\/\/eldiariodesanpedro.com.ar\/sitio\/wp-json\/wp\/v2\/posts"}],"about":[{"href":"https:\/\/eldiariodesanpedro.com.ar\/sitio\/wp-json\/wp\/v2\/types\/post"}],"author":[{"embeddable":true,"href":"https:\/\/eldiariodesanpedro.com.ar\/sitio\/wp-json\/wp\/v2\/users\/4"}],"replies":[{"embeddable":true,"href":"https:\/\/eldiariodesanpedro.com.ar\/sitio\/wp-json\/wp\/v2\/comments?post=137672"}],"version-history":[{"count":1,"href":"https:\/\/eldiariodesanpedro.com.ar\/sitio\/wp-json\/wp\/v2\/posts\/137672\/revisions"}],"predecessor-version":[{"id":137673,"href":"https:\/\/eldiariodesanpedro.com.ar\/sitio\/wp-json\/wp\/v2\/posts\/137672\/revisions\/137673"}],"wp:featuredmedia":[{"embeddable":true,"href":"https:\/\/eldiariodesanpedro.com.ar\/sitio\/wp-json\/wp\/v2\/media\/116588"}],"wp:attachment":[{"href":"https:\/\/eldiariodesanpedro.com.ar\/sitio\/wp-json\/wp\/v2\/media?parent=137672"}],"wp:term":[{"taxonomy":"category","embeddable":true,"href":"https:\/\/eldiariodesanpedro.com.ar\/sitio\/wp-json\/wp\/v2\/categories?post=137672"},{"taxonomy":"post_tag","embeddable":true,"href":"https:\/\/eldiariodesanpedro.com.ar\/sitio\/wp-json\/wp\/v2\/tags?post=137672"}],"curies":[{"name":"wp","href":"https:\/\/api.w.org\/{rel}","templated":true}]}}